{"id":26106,"date":"2019-05-12T20:15:53","date_gmt":"2019-05-12T18:15:53","guid":{"rendered":"https:\/\/blog.ilgiornale.it\/ruzzo\/?p=26106"},"modified":"2019-05-12T20:15:53","modified_gmt":"2019-05-12T18:15:53","slug":"aci-al-giro-piu-sicurezza-ma-no-ciclisti-contromano","status":"publish","type":"post","link":"https:\/\/blog.ilgiornale.it\/ruzzo\/2019\/05\/12\/aci-al-giro-piu-sicurezza-ma-no-ciclisti-contromano\/","title":{"rendered":"Aci al Giro: &#8220;Pi\u00f9 sicurezza ma no ciclisti contromano&#8221;"},"content":{"rendered":"<p><strong><a href=\"https:\/\/blog.ilgiornale.it\/ruzzo\/files\/2019\/05\/risp.jpg\"><img loading=\"lazy\" class=\"alignleft size-medium wp-image-26107\" src=\"https:\/\/blog.ilgiornale.it\/ruzzo\/files\/2019\/05\/risp-300x150.jpg\" alt=\"risp\" width=\"300\" height=\"150\" srcset=\"https:\/\/blog.ilgiornale.it\/ruzzo\/files\/2019\/05\/risp-300x150.jpg 300w, https:\/\/blog.ilgiornale.it\/ruzzo\/files\/2019\/05\/risp.jpg 820w\" sizes=\"(max-width: 300px) 100vw, 300px\" \/><\/a>Ivan Basso<\/strong> \u00e8 il testimonial della campagna #rispettiamoci organizzata da Aci-Sara e RCS e presentata\u00a0 al Giro d\u2019Italia. &#8220;La mancanza di rispetto e consapevolezza, insieme all\u2019evoluzione della mobilit\u00e0 sempre pi\u00f9 integrata tra le varie forme di trasporto- spiegano i promotori- provocano ogni anno 17.000 incidenti che coinvolgono le biciclette, per un totale di 260 morti e 18.000 feriti. E i sinistri sono in aumento dello 0,8 per cento&#8221;. In tutte le tappe del Giro, l\u2019Automobile Club d\u2019Italia e gli istruttori del Centro di Guida Sicura ACI-Sara di Vallelunga illustreranno un decalogo con consigli ed indicazioni per automobilisti e ciclisti, chiamati a condividere la strada in sicurezza. \u00a0Ci\u00f2 che caratterizzer\u00e0 la campagna saranno alcuni spot che saranno trasmessi durante il Giro dalla RAI girati nel circuito di Vallelunga e che avranno come protaponista proprio Ivan Basso. Inoltre alla partenza del Giro sar\u00e0 presente un box con il decalogo di come ciclisti, automobilisti e motociclisti devono comportarsi in strada: &#8221; Da tempo sono attento alla sicurezza stradale- spiega Basso- Due anni fa a Gallarate abbiamo sottoscritto un protocollo sia con i ciclisti che con gli automobilisti. Il messaggio #rispettiamoci \u00e8 quello che abbiamo spinto per tanto tempo perch\u00e8 la strada va condivisa in sicurezza\u00bb. \u00c8 stato realizzato anche un\u00a0opuscolo\u00a0che sar\u00e0 distribuito soprattutto alle scuole e a chi si avviciner\u00e0 allo stand della partenza. Inoltre Aci ha stampato degli adesivi che potranno essere messi sugli specchietti delle auto per ricordare la sicurezza per i ciclisti, specialmente in fase di partenza, sorpasso e apertura degli sportelli. &#8220;Questa battaglia a favore dei ciclisti l\u2019abbiamo iniziata iniziata tanti anni fa- spiega <strong>Angelo Sticchi\u00a0Damiani<\/strong>&#8211;\u00a0Rappresentiamo 35 milioni di automobilisti e bisogna avere un rispetto reciproco nelle strade. Siamo pronti a fare qualcosa di pi\u00f9 per spiegare questo agli automobilisti. Alla camera si sta studiando il nuovo codice della strada e abbiamo concordato sul metro e mezzo per il sorpasso dei ciclisti. Per\u00f2 ricordiamoci che la prima cosa quando si sorpassa un ciclista \u00e8 la necessit\u00e0 di rallentare. Poi al ciclista raccomandiamo di essere molto visibile, di avere sempre il caschetto. Agli automobilisti ricordiamo grande attenzione nell\u2019apertura dello sportello. Invece non sono convinto che sia giusta la norma che permette ai ciclisti di andare contromano nelle zone dove c\u2019\u00e8 il limite dei 30 orari. Anche perch\u00e8 spiegarlo ad un ragazzo non \u00e8 semplice. Le regole devono essere poche e senza eccezioni. Se ci sono macchine non si pu\u00f2 andare contromano. Inoltre chiedo alle istituzioni di fare delle piste ciclabili sicure. Ripeto, dobbiamo metterci tutti insieme, il parlamento con il codice della strada, le municipalit\u00e0 con le ciclabili e noi per migliorare le cose. Ora, con il Giro d\u2019Italia che porta attenzione sulle due ruote, \u00e8 il momento migliore per discutere di queste tematiche\u00bb<\/p>\n","protected":false},"excerpt":{"rendered":"<p><p>Ivan Basso \u00e8 il testimonial della campagna #rispettiamoci organizzata da Aci-Sara e RCS e presentata\u00a0 al Giro d\u2019Italia. &#8220;La mancanza di rispetto e consapevolezza, insieme all\u2019evoluzione della mobilit\u00e0 sempre pi\u00f9 integrata tra le varie forme di trasporto- spiegano i promotori- provocano ogni anno 17.000 incidenti che coinvolgono le biciclette, per un totale di 260 morti e 18.000 feriti. E i sinistri sono in aumento dello 0,8 per cento&#8221;. In tutte le tappe del Giro, l\u2019Automobile Club d\u2019Italia e gli istruttori del Centro di Guida Sicura ACI-Sara di Vallelunga illustreranno un decalogo con consigli ed indicazioni per automobilisti e ciclisti, chiamati [&hellip;]<\/p>\n&nbsp;&nbsp;<div class=\"readmore\"><a href=\"https:\/\/blog.ilgiornale.it\/ruzzo\/2019\/05\/12\/aci-al-giro-piu-sicurezza-ma-no-ciclisti-contromano\/\">Continua a leggere...<\/a><\/div><\/p>","protected":false},"author":956,"featured_media":0,"comment_status":"open","ping_status":"closed","sticky":false,"template":"","format":"standard","meta":[],"categories":[1],"tags":[],"_links":{"self":[{"href":"https:\/\/blog.ilgiornale.it\/ruzzo\/wp-json\/wp\/v2\/posts\/26106"}],"collection":[{"href":"https:\/\/blog.ilgiornale.it\/ruzzo\/wp-json\/wp\/v2\/posts"}],"about":[{"href":"https:\/\/blog.ilgiornale.it\/ruzzo\/wp-json\/wp\/v2\/types\/post"}],"author":[{"embeddable":true,"href":"https:\/\/blog.ilgiornale.it\/ruzzo\/wp-json\/wp\/v2\/users\/956"}],"replies":[{"embeddable":true,"href":"https:\/\/blog.ilgiornale.it\/ruzzo\/wp-json\/wp\/v2\/comments?post=26106"}],"version-history":[{"count":1,"href":"https:\/\/blog.ilgiornale.it\/ruzzo\/wp-json\/wp\/v2\/posts\/26106\/revisions"}],"predecessor-version":[{"id":26108,"href":"https:\/\/blog.ilgiornale.it\/ruzzo\/wp-json\/wp\/v2\/posts\/26106\/revisions\/26108"}],"wp:attachment":[{"href":"https:\/\/blog.ilgiornale.it\/ruzzo\/wp-json\/wp\/v2\/media?parent=26106"}],"wp:term":[{"taxonomy":"category","embeddable":true,"href":"https:\/\/blog.ilgiornale.it\/ruzzo\/wp-json\/wp\/v2\/categories?post=26106"},{"taxonomy":"post_tag","embeddable":true,"href":"https:\/\/blog.ilgiornale.it\/ruzzo\/wp-json\/wp\/v2\/tags?post=26106"}],"curies":[{"name":"wp","href":"https:\/\/api.w.org\/{rel}","templated":true}]}}