{"id":26125,"date":"2019-05-16T17:17:17","date_gmt":"2019-05-16T15:17:17","guid":{"rendered":"https:\/\/blog.ilgiornale.it\/ruzzo\/?p=26125"},"modified":"2019-05-16T17:17:17","modified_gmt":"2019-05-16T15:17:17","slug":"trio-series-si-riparte-da-bibione","status":"publish","type":"post","link":"https:\/\/blog.ilgiornale.it\/ruzzo\/2019\/05\/16\/trio-series-si-riparte-da-bibione\/","title":{"rendered":"TriO series, si riparte da Bibione"},"content":{"rendered":"<p><a href=\"https:\/\/blog.ilgiornale.it\/ruzzo\/files\/2019\/05\/sir.jpg\"><img loading=\"lazy\" class=\"alignleft size-medium wp-image-26127\" src=\"https:\/\/blog.ilgiornale.it\/ruzzo\/files\/2019\/05\/sir-300x188.jpg\" alt=\"sir\" width=\"300\" height=\"188\" srcset=\"https:\/\/blog.ilgiornale.it\/ruzzo\/files\/2019\/05\/sir-300x188.jpg 300w, https:\/\/blog.ilgiornale.it\/ruzzo\/files\/2019\/05\/sir-1024x641.jpg 1024w, https:\/\/blog.ilgiornale.it\/ruzzo\/files\/2019\/05\/sir.jpg 1201w\" sizes=\"(max-width: 300px) 100vw, 300px\" \/><\/a>&#8220;L&#8217; obiettivo di questa seconda edizione sar\u00e0\u00a0 crescere ancora e\u00a0offrire un\u2019esperienza sportiva di livello internazionale ma che ogni atleta possa vivere nel modo pi\u00f9 personale possibile con una serie di nuovi servizi\u00a0 e di pacchetti speciali&#8221;.\u00a0<strong>Massimiliano Rovatti<\/strong>\u00a0 parla della nuova edizione del\u00a0<strong>Volkswagen TriO Series<\/strong> che partir\u00e0 nel prossimo weekend da Bibione e allarga ancora un po&#8217; il compasso di questa manifestazione. Spiega, ma lo fa da anni,\u00a0 qual \u00e8 il suo concetto di una gara di triathlon. Che non \u00e8 solo classifica e fatica. Che \u00e8 anche ( soprattutto) festa e aggregazione.\u00a0 Un passo alla volta ed ogni anno <strong>Trio Events<\/strong> aggiunge un tassello ad una filosofia che ha trasformato questo circuito in un evento tra i pi\u00f9 partecipati. Lo scorso anno al via del\u00a0\u00a0<strong>Volkswagen TriO Series<\/strong>, si sono presentati oltre 3.750 appassionati, un piccolo esercito di triatleti di ogni livello, et\u00e0, condizione e spirito. E quest&#8217;anno, incrociando le dita per il meteo,\u00a0 si riparte da Bibione sabato e domenica con il <strong>Santini Trio<\/strong> \u00a0(olimpico e sprint),\u00a0per proseguire il 22 giugno con <strong>Oakley TriO Sirmione<\/strong>\u00a0(olimpico) e concludersi il 14 e il 15 settembre con <strong>Kuota TriO Peschiera<\/strong>\u00a0(olimpico e sprint). Tre gare, tre localit\u00e0 famose, tre sponsor che seguono per\u00f2 un&#8217;unica traccia, un filo rosso che quest&#8217;anno presenta parecchie novit\u00e0. Tanto per cominciare sar\u00e0 un&#8217;edizione\u00a0 all\u2019insegna della sostenibilit\u00e0 che porter\u00e0 tutte le manifestazioni TriO Events ad essere &#8220;plastic free&#8221;: niente pi\u00f9 bottigliette in plastica ma acqua pubblica filtrata, distribuita con erogatori e bicchieri di carta biodegradabile. Anche nei pasta party saranno utilizzati materiali biodegradabili, nel rispetto dell\u2019ambiente.\u00a0Altra novit\u00e0 \u00e8 l&#8217; &#8220;absolute beginners&#8221;\u00a0cio\u00e8 un\u2019offerta pensata per coloro che vivranno la loro prima volta nel mondo della triplice disciplina. I partecipanti che ne faranno richiesta potranno contare sul supporto di un tutor nei momenti pre e post competizione, di un punto d\u2019incontro al villaggio e di un\u2019area riservata in zona cambio. Particolare attenzione anche alle associazioni e ai gruppi sportivi: scegliendo una delle tappe come gara sociale, si potr\u00e0 richiedere la promozione TriO premia il tuo Team. E infine il\u00a0Volkswagen Olympic Rank, una speciale classifica riservata\u00a0\u00a0gli atleti partecipanti\u00a0a tutte e tre le gare\u00a0su distanza olimpica che premier\u00e0 vincitori maschili, femminili e per categorie.<\/p>\n","protected":false},"excerpt":{"rendered":"<p><p>&#8220;L&#8217; obiettivo di questa seconda edizione sar\u00e0\u00a0 crescere ancora e\u00a0offrire un\u2019esperienza sportiva di livello internazionale ma che ogni atleta possa vivere nel modo pi\u00f9 personale possibile con una serie di nuovi servizi\u00a0 e di pacchetti speciali&#8221;.\u00a0Massimiliano Rovatti\u00a0 parla della nuova edizione del\u00a0Volkswagen TriO Series che partir\u00e0 nel prossimo weekend da Bibione e allarga ancora un po&#8217; il compasso di questa manifestazione. Spiega, ma lo fa da anni,\u00a0 qual \u00e8 il suo concetto di una gara di triathlon. Che non \u00e8 solo classifica e fatica. Che \u00e8 anche ( soprattutto) festa e aggregazione.\u00a0 Un passo alla volta ed ogni anno Trio [&hellip;]<\/p>\n&nbsp;&nbsp;<div class=\"readmore\"><a href=\"https:\/\/blog.ilgiornale.it\/ruzzo\/2019\/05\/16\/trio-series-si-riparte-da-bibione\/\">Continua a leggere...<\/a><\/div><\/p>","protected":false},"author":956,"featured_media":0,"comment_status":"open","ping_status":"closed","sticky":false,"template":"","format":"standard","meta":[],"categories":[1],"tags":[],"_links":{"self":[{"href":"https:\/\/blog.ilgiornale.it\/ruzzo\/wp-json\/wp\/v2\/posts\/26125"}],"collection":[{"href":"https:\/\/blog.ilgiornale.it\/ruzzo\/wp-json\/wp\/v2\/posts"}],"about":[{"href":"https:\/\/blog.ilgiornale.it\/ruzzo\/wp-json\/wp\/v2\/types\/post"}],"author":[{"embeddable":true,"href":"https:\/\/blog.ilgiornale.it\/ruzzo\/wp-json\/wp\/v2\/users\/956"}],"replies":[{"embeddable":true,"href":"https:\/\/blog.ilgiornale.it\/ruzzo\/wp-json\/wp\/v2\/comments?post=26125"}],"version-history":[{"count":2,"href":"https:\/\/blog.ilgiornale.it\/ruzzo\/wp-json\/wp\/v2\/posts\/26125\/revisions"}],"predecessor-version":[{"id":26128,"href":"https:\/\/blog.ilgiornale.it\/ruzzo\/wp-json\/wp\/v2\/posts\/26125\/revisions\/26128"}],"wp:attachment":[{"href":"https:\/\/blog.ilgiornale.it\/ruzzo\/wp-json\/wp\/v2\/media?parent=26125"}],"wp:term":[{"taxonomy":"category","embeddable":true,"href":"https:\/\/blog.ilgiornale.it\/ruzzo\/wp-json\/wp\/v2\/categories?post=26125"},{"taxonomy":"post_tag","embeddable":true,"href":"https:\/\/blog.ilgiornale.it\/ruzzo\/wp-json\/wp\/v2\/tags?post=26125"}],"curies":[{"name":"wp","href":"https:\/\/api.w.org\/{rel}","templated":true}]}}