{"id":26132,"date":"2019-05-17T17:19:20","date_gmt":"2019-05-17T15:19:20","guid":{"rendered":"https:\/\/blog.ilgiornale.it\/ruzzo\/?p=26132"},"modified":"2019-05-17T17:57:12","modified_gmt":"2019-05-17T15:57:12","slug":"il-giro-allaquila-che-riprende-il-volo","status":"publish","type":"post","link":"https:\/\/blog.ilgiornale.it\/ruzzo\/2019\/05\/17\/il-giro-allaquila-che-riprende-il-volo\/","title":{"rendered":"Il Giro all&#8217;Aquila che riprende il volo"},"content":{"rendered":"<p><a href=\"https:\/\/blog.ilgiornale.it\/ruzzo\/files\/2019\/05\/abr4.jpg\"><img loading=\"lazy\" class=\"alignright size-medium wp-image-26133\" src=\"https:\/\/blog.ilgiornale.it\/ruzzo\/files\/2019\/05\/abr4-300x272.jpg\" alt=\"abr4\" width=\"300\" height=\"272\" srcset=\"https:\/\/blog.ilgiornale.it\/ruzzo\/files\/2019\/05\/abr4-300x272.jpg 300w, https:\/\/blog.ilgiornale.it\/ruzzo\/files\/2019\/05\/abr4.jpg 973w\" sizes=\"(max-width: 300px) 100vw, 300px\" \/><\/a>&#8220;Come l\u2019aquila che vola\u00a0libera tra il cielo e i sassi,\u00a0 siamo sempre diversi e siamo sempre gli stessi&#8230;Hai fatto il massimo e il massimo non \u00e8 bastato e non sapevi piangere. E adesso che hai imparato non bastano le lacrime ad impastare il calcestruzzo: eccoci qua cittadini d\u2019Abruzzo&#8230;&#8221;. Dieci anni fa &#8220;Domani&#8221; erano le voci di<strong> Jovanotti, Ligabue,<\/strong> <strong>Battiato<\/strong> e tanti altri big della nostra musica a cantare insieme per dare coraggio e fondi a chi doveva fare i conti con un terremoto impressionante. Una scossa nella notte del 6 aprile, una scossa\u00a0 che alle tre e mezzo di una notte buia fece pi\u00f9 di 300 morti e 1600 feriti. Che devast\u00f2 una citt\u00e0 bellissima trasformandola in un accampamento infinito con pi\u00f9 di 80mila sfollati. Oggi, dopo la salita delle svolte di Popoli, il Giro \u00e8 tornato all&#8217;Aquila.\u00a0 Dieci anni sembrano una vita e invece le ferite sono ancora l\u00ec. Ci sono i cantieri, le impalcature, ci sono baracche e container. Molto si \u00e8 fatto,\u00a0 molto c&#8217;\u00e8 ancora da fare per cancellare i segni di una sofferenza &#8220;fiera&#8221; come usa da queste parti, in questa terra rocciosa, vera, forte e gentile. E un segno lo lascia anche il Giro che passa di qui. Lo lascia lo spagnolo <strong>Pello Lopez Bilbao<\/strong> dell&#8217;Astana che vince la settima tappa partita da Vasto, 185 chilometri in terra d&#8217;Abruzzo\u00a0 bruciando al traguardo il francese <strong>Tony Gallopin<\/strong> e il nostro <strong>Davide Formolo<\/strong> in un tappa bellissima e dai valori alti come la cima innevata del Grande Sasso che da queste parti tutto vede e tutto sa.\u00a0 E&#8217; magica l&#8217;Aquila che riprende il suo volo. E&#8217; magico l&#8217;Abruzzo cuore di un Paese che qui in mezzo e tra queste montagne d\u00e0 il meglio di s\u00e8. Su queste strade e su queste salite dove non\u00a0si sente un rumore, solo lo scrocchiare delle ruote\u00a0 sulla breccia dell\u2019asfalto. Su queste strade dove passano poche macchine, anzi nessuna. Su queste strade di orsi e di lupi con il marchio della Marsica. Su queste strade piene di gente e di tifosi, di profumi, di grigliate e di arrosticini. Su queste strade dove il Giro dovrebbe passare tutti i giorni..<\/p>\n","protected":false},"excerpt":{"rendered":"<p><p>&#8220;Come l\u2019aquila che vola\u00a0libera tra il cielo e i sassi,\u00a0 siamo sempre diversi e siamo sempre gli stessi&#8230;Hai fatto il massimo e il massimo non \u00e8 bastato e non sapevi piangere. E adesso che hai imparato non bastano le lacrime ad impastare il calcestruzzo: eccoci qua cittadini d\u2019Abruzzo&#8230;&#8221;. Dieci anni fa &#8220;Domani&#8221; erano le voci di Jovanotti, Ligabue, Battiato e tanti altri big della nostra musica a cantare insieme per dare coraggio e fondi a chi doveva fare i conti con un terremoto impressionante. Una scossa nella notte del 6 aprile, una scossa\u00a0 che alle tre e mezzo di una [&hellip;]<\/p>\n&nbsp;&nbsp;<div class=\"readmore\"><a href=\"https:\/\/blog.ilgiornale.it\/ruzzo\/2019\/05\/17\/il-giro-allaquila-che-riprende-il-volo\/\">Continua a leggere...<\/a><\/div><\/p>","protected":false},"author":956,"featured_media":0,"comment_status":"open","ping_status":"closed","sticky":false,"template":"","format":"standard","meta":[],"categories":[1],"tags":[],"_links":{"self":[{"href":"https:\/\/blog.ilgiornale.it\/ruzzo\/wp-json\/wp\/v2\/posts\/26132"}],"collection":[{"href":"https:\/\/blog.ilgiornale.it\/ruzzo\/wp-json\/wp\/v2\/posts"}],"about":[{"href":"https:\/\/blog.ilgiornale.it\/ruzzo\/wp-json\/wp\/v2\/types\/post"}],"author":[{"embeddable":true,"href":"https:\/\/blog.ilgiornale.it\/ruzzo\/wp-json\/wp\/v2\/users\/956"}],"replies":[{"embeddable":true,"href":"https:\/\/blog.ilgiornale.it\/ruzzo\/wp-json\/wp\/v2\/comments?post=26132"}],"version-history":[{"count":2,"href":"https:\/\/blog.ilgiornale.it\/ruzzo\/wp-json\/wp\/v2\/posts\/26132\/revisions"}],"predecessor-version":[{"id":26136,"href":"https:\/\/blog.ilgiornale.it\/ruzzo\/wp-json\/wp\/v2\/posts\/26132\/revisions\/26136"}],"wp:attachment":[{"href":"https:\/\/blog.ilgiornale.it\/ruzzo\/wp-json\/wp\/v2\/media?parent=26132"}],"wp:term":[{"taxonomy":"category","embeddable":true,"href":"https:\/\/blog.ilgiornale.it\/ruzzo\/wp-json\/wp\/v2\/categories?post=26132"},{"taxonomy":"post_tag","embeddable":true,"href":"https:\/\/blog.ilgiornale.it\/ruzzo\/wp-json\/wp\/v2\/tags?post=26132"}],"curies":[{"name":"wp","href":"https:\/\/api.w.org\/{rel}","templated":true}]}}