{"id":26151,"date":"2019-05-21T18:03:53","date_gmt":"2019-05-21T16:03:53","guid":{"rendered":"https:\/\/blog.ilgiornale.it\/ruzzo\/?p=26151"},"modified":"2019-05-21T18:03:53","modified_gmt":"2019-05-21T16:03:53","slug":"il-giro-e-un-viaggio-nellepica-sportiva","status":"publish","type":"post","link":"https:\/\/blog.ilgiornale.it\/ruzzo\/2019\/05\/21\/il-giro-e-un-viaggio-nellepica-sportiva\/","title":{"rendered":"Il Giro \u00e8 un viaggio nell&#8217;epica sportiva"},"content":{"rendered":"<p><a href=\"https:\/\/blog.ilgiornale.it\/ruzzo\/files\/2019\/05\/gir3.jpg\"><img loading=\"lazy\" class=\"alignleft size-medium wp-image-26153\" src=\"https:\/\/blog.ilgiornale.it\/ruzzo\/files\/2019\/05\/gir3-300x198.jpg\" alt=\"gir3\" width=\"300\" height=\"198\" srcset=\"https:\/\/blog.ilgiornale.it\/ruzzo\/files\/2019\/05\/gir3-300x198.jpg 300w, https:\/\/blog.ilgiornale.it\/ruzzo\/files\/2019\/05\/gir3-1024x676.jpg 1024w, https:\/\/blog.ilgiornale.it\/ruzzo\/files\/2019\/05\/gir3.jpg 1324w\" sizes=\"(max-width: 300px) 100vw, 300px\" \/><\/a>C&#8217;\u00e8 un Giro che pedala e fa fatica, che vince, che perde, che va in fuga, che cade e che fa volate a settanta all&#8217;ora sulla via Emilia che porta a Modena dove, dopo la baraonda di uno sprint infinito, risuonano le note della Marsigliese che incorona <strong>Arnaud Demare.<\/strong> Poi ce n&#8217;\u00e8 un altro che si guarda intorno, che attraversa borghi, pianure e montagne che incontra le persone, che riceve\u00a0 abbracci e\u00a0 applausi. Quella di domani, da Carpi a Novi Ligure sar\u00e0 la tappa dell\u2019epica sportiva, dei grandi solisti usciti dal gruppo raccontata da <strong>&#8220;Viaggio nell\u2019Italia del Giro&#8221;<\/strong>,\u00a0 il programma di Rai Cultura condotto da <strong>Edoardo Camurri<\/strong> in onda alle 14.00 su Rai2 e alle 18.30 su Rai Storia. Un lungo racconto del leggendario maratoneta <strong>Dorando Pietri,<\/strong> l\u2019eroe sfortunato della\u00a0 <span style=\"color: #000000\">maratona<\/span> di Londra 1908, di <strong>Fausto Coppi<\/strong> nella sua Castellania e <strong>Costante Girardengo<\/strong> a Novi Ligure.\u00a0Ma ci sono anche le cucine del popolo e le storie di melomani verdiani, geometri, pescatori del Po, banditi e cantautori. Tra gli altri ospiti della puntata, <strong>Cisco, Francesco Bellocchio, Enrico Orsi, Mario Bizzoccoli e il Club dei 27.<\/strong> A ricordare con Camurri i due campionissimi del ciclismo italiano sar\u00e0 <strong>Fabio Genovesi,<\/strong> lo scrittore di Forte dei Marmi, voce narrante e piacevolmente visionaria delle tappe che scorrono ormai da pi\u00f9 di una settimana nelle immagini tv. Voce che riporta a quel ciclismo raccontato che va al di l\u00e0 di scatti e distacchi ma che coglie le sfumature di uno sport che proprio fissando i dettagli ha colto l&#8217;essenza della cultura popolare che si \u00e8 tramandata con le gesta dei suoi eroi. E lo hanno raccontato i grandi il ciclismo. Uno su tutti <strong>Dino Buzzati<\/strong> che nel\u00a01949\u00a0 segu\u00ec il Giro d\u2019Italia. Non raccont\u00f2 solo una corsa. Raccont\u00f2 la festa di popolo di una nazione appena uscita dalla guerra\u00a0 e un momento di orgoglio nazionale.\u00a0 Raccont\u00f2 la fatica dei corridori, le origini, descrisse le loro facce, l&#8217;incontro tra le genti, le strette di mano, le spinte in salita, le grandi gioie, i grandi pianti. Venticinque cronache memorabili come\u00a0l\u2019omerico duello tra Fausto Coppi e Gino Bartali, campione al tramonto, sulle grandi salite della Cuneo &#8211; Pinerolo: &#8220;Quando oggi, su per le terribili strade dell\u2019Izoard, vedemmo Bartali che da solo inseguiva a rabbiose pedalate, tutto lordo di fango, gli angoli della bocca piegati in gi\u00f9 per la sofferenza dell\u2019anima e del corpo \u2013 e Coppi era gi\u00e0 passato da un pezzo, ormai stava arrampicando su per le estreme balze del valico \u2013 allora rinacque in noi, dopo trent\u2019anni, un sentimento mai dimenticato. Trent\u2019anni fa, vogliamo dire, quando noi si seppe che Ettore era stato ucciso da Achille. \u00c8 troppo solenne e glorioso il paragone? Ma a che cosa servirebbero i cosiddetti studi classici se i loro frammenti a noi rimasti non entrassero a far parte della nostra piccola vita? Fausto Coppi certo non ha la gelida crudelt\u00e0 di Achille: anzi, tra i due campioni, \u00e8 certo il pi\u00f9 cordiale e amabile. Ma in Bartali anche se scostante e orso, anche se inconsapevole, c\u2019\u00e8 il dramma come in Ettore, dell\u2019uomo vinto dagli dei&#8230;&#8221;<\/p>\n<p>.<\/p>\n","protected":false},"excerpt":{"rendered":"<p><p>C&#8217;\u00e8 un Giro che pedala e fa fatica, che vince, che perde, che va in fuga, che cade e che fa volate a settanta all&#8217;ora sulla via Emilia che porta a Modena dove, dopo la baraonda di uno sprint infinito, risuonano le note della Marsigliese che incorona Arnaud Demare. Poi ce n&#8217;\u00e8 un altro che si guarda intorno, che attraversa borghi, pianure e montagne che incontra le persone, che riceve\u00a0 abbracci e\u00a0 applausi. Quella di domani, da Carpi a Novi Ligure sar\u00e0 la tappa dell\u2019epica sportiva, dei grandi solisti usciti dal gruppo raccontata da &#8220;Viaggio nell\u2019Italia del Giro&#8221;,\u00a0 il programma [&hellip;]<\/p>\n&nbsp;&nbsp;<div class=\"readmore\"><a href=\"https:\/\/blog.ilgiornale.it\/ruzzo\/2019\/05\/21\/il-giro-e-un-viaggio-nellepica-sportiva\/\">Continua a leggere...<\/a><\/div><\/p>","protected":false},"author":956,"featured_media":0,"comment_status":"open","ping_status":"closed","sticky":false,"template":"","format":"standard","meta":[],"categories":[1],"tags":[],"_links":{"self":[{"href":"https:\/\/blog.ilgiornale.it\/ruzzo\/wp-json\/wp\/v2\/posts\/26151"}],"collection":[{"href":"https:\/\/blog.ilgiornale.it\/ruzzo\/wp-json\/wp\/v2\/posts"}],"about":[{"href":"https:\/\/blog.ilgiornale.it\/ruzzo\/wp-json\/wp\/v2\/types\/post"}],"author":[{"embeddable":true,"href":"https:\/\/blog.ilgiornale.it\/ruzzo\/wp-json\/wp\/v2\/users\/956"}],"replies":[{"embeddable":true,"href":"https:\/\/blog.ilgiornale.it\/ruzzo\/wp-json\/wp\/v2\/comments?post=26151"}],"version-history":[{"count":2,"href":"https:\/\/blog.ilgiornale.it\/ruzzo\/wp-json\/wp\/v2\/posts\/26151\/revisions"}],"predecessor-version":[{"id":26154,"href":"https:\/\/blog.ilgiornale.it\/ruzzo\/wp-json\/wp\/v2\/posts\/26151\/revisions\/26154"}],"wp:attachment":[{"href":"https:\/\/blog.ilgiornale.it\/ruzzo\/wp-json\/wp\/v2\/media?parent=26151"}],"wp:term":[{"taxonomy":"category","embeddable":true,"href":"https:\/\/blog.ilgiornale.it\/ruzzo\/wp-json\/wp\/v2\/categories?post=26151"},{"taxonomy":"post_tag","embeddable":true,"href":"https:\/\/blog.ilgiornale.it\/ruzzo\/wp-json\/wp\/v2\/tags?post=26151"}],"curies":[{"name":"wp","href":"https:\/\/api.w.org\/{rel}","templated":true}]}}