{"id":26155,"date":"2019-05-22T17:30:37","date_gmt":"2019-05-22T15:30:37","guid":{"rendered":"https:\/\/blog.ilgiornale.it\/ruzzo\/?p=26155"},"modified":"2019-05-22T17:30:37","modified_gmt":"2019-05-22T15:30:37","slug":"policlinicrun-correre-per-i-trapianti","status":"publish","type":"post","link":"https:\/\/blog.ilgiornale.it\/ruzzo\/2019\/05\/22\/policlinicrun-correre-per-i-trapianti\/","title":{"rendered":"Policlinicrun, correre per i trapianti"},"content":{"rendered":"<p><a href=\"https:\/\/blog.ilgiornale.it\/ruzzo\/files\/2019\/05\/poli.jpg\"><img loading=\"lazy\" class=\"alignleft size-medium wp-image-26156\" src=\"https:\/\/blog.ilgiornale.it\/ruzzo\/files\/2019\/05\/poli-213x300.jpg\" alt=\"poli\" width=\"213\" height=\"300\" srcset=\"https:\/\/blog.ilgiornale.it\/ruzzo\/files\/2019\/05\/poli-213x300.jpg 213w, https:\/\/blog.ilgiornale.it\/ruzzo\/files\/2019\/05\/poli.jpg 629w\" sizes=\"(max-width: 213px) 100vw, 213px\" \/><\/a>\u201cQuale ideatore della manifestazione\u00a0 sono felice che l\u2019idea di una iniziativa a\u00a0 favore della sensibilizzazione per la donazione degli organi e per il sostegno dell\u2019attivit\u00e0 dei\u00a0 trapianti sia stata cos\u00ec bene accolta da tanti: aziende, associazioni, istituzioni pubbliche, privati. Stiamo assistendo ad un grande esempio di solidariet\u00e0 sociale&#8230;\u201d. <strong>Umberto Maggi<\/strong> \u00e8 chirurgo del centro Trapianti Fegato dell&#8217;Ospedale Policlinico di Milano ma \u00e8 anche la &#8220;mente&#8221; della prima <strong>&#8220;PoliclinicRun&#8221;<\/strong>, corsa della speranza proprio perch\u00e8 sostiene i trapianti. Ed \u00e8 nella logica delle cose che una corsa cos\u00ec nasca al <strong>Policlinico di Milano<\/strong>, il pi\u00f9 antico ospedale della citt\u00e0,\u00a0 prima dei poveri e poi della speranza che gi\u00e0 nel 1500 non ospitava i malati cronici che venivano assistiti in strutture fuori dalla citt\u00e0\u00a0 ma\u00a0 era luogo di cura per chi poteva guarire. Cos\u00ec domenica\u00a0 26 maggio si corre in questa direzione. Si corre all\u2019interno del Parco di City Life una non competitiva aperta a tutti, organizzata da\u00a0 <strong>AIDO<\/strong> Milano e <strong>Fondazione Trapianti Onlus,<\/strong>\u00a0 e il cui\u00a0ricavato sar\u00e0 devoluto allo sviluppo di progetti clinici. &#8221; Lo scopo \u00e8 sensibilizzare\u00a0verso la donazione degli organi ed ad una raccolta di fondi per\u00a0la ricerca sulla perfusione degli organi da trapiantare e l&#8217;evento pu\u00f2 essere considerato una &#8220;prima nazionale&#8221; su questo tema\u00a0&#8211; spiega Maggi-\u00a0 Lo spunto \u00e8 nato dal rendersi conto di quante manifestazioni simili vengano invece organizzate negli Stati Uniti, e pubblicizzate tramite Twitter, Instagram e Facebook&#8230;&#8221; La <strong>PoliclinicRun<\/strong>\u00a0 \u00e8 una manifestazione benefica che lega la donazione quale massima espressione di Solidariet\u00e0 Sociale, ai Trapianti, allo Sport ed alla sana Alimentazione e\u00a0 ha ottenuto il patrocinio di Regione Lombardia, del Comune di Milano, di <strong>ANED\u00a0<\/strong>(Associazione Nazionale Emodializzati Dialisi e Trapianto &#8211; Onlus), di <strong>OPI<\/strong> (Ordine Professioni\u00a0Infermieristiche Milano-Lodi-Monza e Brianza) di <strong>Fondazione Cariplo<\/strong> e rientra nella campagna\u00a0 nazionale \u201cDiamo il meglio di noi\u201d. Sono previste due distanze\u00a0 totalmente all\u2019interno del Parco di\u00a0City Life: la corsa di 8 km con partenza alle 9.30 e la camminata di 4 km, adatta a tutti, che\u00a0 prender\u00e0 il via alle ore 11.00.\u00a0Nei pressi dell\u2019arrivo sar\u00e0 allestito il villaggio dedicato al mondo della salute e del benessere con\u00a0un punto ristoro finale, stand con attivit\u00e0 di prevenzione e check up medico e un\u2019area gioco\u00a0 dedicata ai pi\u00f9 piccoli.\u00a0 \u00a0Il costo di iscrizione alla corsa \u00e8 di 15 euro a persona (comprensivo di sacca gara, maglietta tecnica e ristoro). Per partecipare alla camminata, invece, il contributo richiesto \u00e8 di 10 euro a persona. E&#8217; possibile iscriversi online al link http:\/\/bit.ly\/IscrizioniOnline_PoliclinicRun oppure sabato 25 dalle 10.00 alle 18.00 e domenica mattina 26 maggio presso lo stand iscrizioni allestito in piazza Burri.<\/p>\n","protected":false},"excerpt":{"rendered":"<p><p>\u201cQuale ideatore della manifestazione\u00a0 sono felice che l\u2019idea di una iniziativa a\u00a0 favore della sensibilizzazione per la donazione degli organi e per il sostegno dell\u2019attivit\u00e0 dei\u00a0 trapianti sia stata cos\u00ec bene accolta da tanti: aziende, associazioni, istituzioni pubbliche, privati. Stiamo assistendo ad un grande esempio di solidariet\u00e0 sociale&#8230;\u201d. Umberto Maggi \u00e8 chirurgo del centro Trapianti Fegato dell&#8217;Ospedale Policlinico di Milano ma \u00e8 anche la &#8220;mente&#8221; della prima &#8220;PoliclinicRun&#8221;, corsa della speranza proprio perch\u00e8 sostiene i trapianti. Ed \u00e8 nella logica delle cose che una corsa cos\u00ec nasca al Policlinico di Milano, il pi\u00f9 antico ospedale della citt\u00e0,\u00a0 prima dei poveri [&hellip;]<\/p>\n&nbsp;&nbsp;<div class=\"readmore\"><a href=\"https:\/\/blog.ilgiornale.it\/ruzzo\/2019\/05\/22\/policlinicrun-correre-per-i-trapianti\/\">Continua a leggere...<\/a><\/div><\/p>","protected":false},"author":956,"featured_media":0,"comment_status":"open","ping_status":"closed","sticky":false,"template":"","format":"standard","meta":[],"categories":[1],"tags":[],"_links":{"self":[{"href":"https:\/\/blog.ilgiornale.it\/ruzzo\/wp-json\/wp\/v2\/posts\/26155"}],"collection":[{"href":"https:\/\/blog.ilgiornale.it\/ruzzo\/wp-json\/wp\/v2\/posts"}],"about":[{"href":"https:\/\/blog.ilgiornale.it\/ruzzo\/wp-json\/wp\/v2\/types\/post"}],"author":[{"embeddable":true,"href":"https:\/\/blog.ilgiornale.it\/ruzzo\/wp-json\/wp\/v2\/users\/956"}],"replies":[{"embeddable":true,"href":"https:\/\/blog.ilgiornale.it\/ruzzo\/wp-json\/wp\/v2\/comments?post=26155"}],"version-history":[{"count":3,"href":"https:\/\/blog.ilgiornale.it\/ruzzo\/wp-json\/wp\/v2\/posts\/26155\/revisions"}],"predecessor-version":[{"id":26159,"href":"https:\/\/blog.ilgiornale.it\/ruzzo\/wp-json\/wp\/v2\/posts\/26155\/revisions\/26159"}],"wp:attachment":[{"href":"https:\/\/blog.ilgiornale.it\/ruzzo\/wp-json\/wp\/v2\/media?parent=26155"}],"wp:term":[{"taxonomy":"category","embeddable":true,"href":"https:\/\/blog.ilgiornale.it\/ruzzo\/wp-json\/wp\/v2\/categories?post=26155"},{"taxonomy":"post_tag","embeddable":true,"href":"https:\/\/blog.ilgiornale.it\/ruzzo\/wp-json\/wp\/v2\/tags?post=26155"}],"curies":[{"name":"wp","href":"https:\/\/api.w.org\/{rel}","templated":true}]}}