{"id":26160,"date":"2019-05-23T19:18:55","date_gmt":"2019-05-23T17:18:55","guid":{"rendered":"https:\/\/blog.ilgiornale.it\/ruzzo\/?p=26160"},"modified":"2019-05-23T19:27:01","modified_gmt":"2019-05-23T17:27:01","slug":"la-retorica-dei-gregari","status":"publish","type":"post","link":"https:\/\/blog.ilgiornale.it\/ruzzo\/2019\/05\/23\/la-retorica-dei-gregari\/","title":{"rendered":"La retorica dei gregari"},"content":{"rendered":"<p><a href=\"https:\/\/blog.ilgiornale.it\/ruzzo\/files\/2019\/05\/ces.jpg\"><img loading=\"lazy\" class=\"alignleft size-medium wp-image-26161\" src=\"https:\/\/blog.ilgiornale.it\/ruzzo\/files\/2019\/05\/ces-300x198.jpg\" alt=\"ces\" width=\"300\" height=\"198\" srcset=\"https:\/\/blog.ilgiornale.it\/ruzzo\/files\/2019\/05\/ces-300x198.jpg 300w, https:\/\/blog.ilgiornale.it\/ruzzo\/files\/2019\/05\/ces-1024x675.jpg 1024w, https:\/\/blog.ilgiornale.it\/ruzzo\/files\/2019\/05\/ces.jpg 1351w\" sizes=\"(max-width: 300px) 100vw, 300px\" \/><\/a>Abnegazione, fedelt\u00e0 e sacrificio. Cos\u00ec si\u00a0 raccontano i gregari. A piene mani nella retorica del ciclismo che da sempre accompagna questi onesti pedalatori senza volto e senza ambizioni. Non \u00e8 cos\u00ec ma c&#8217;\u00e8 tutta una letteratura che racconta una schiera di eroi mai celebrati che si dannano anima e corpo in un lavoro invisibile e oscuro al servizio di squadra e capitano. Non gioiscono, non esultano, non vincono. Non vincono quasi mai, sono &#8220;straordinari perdenti&#8221;\u00a0 che considerano vittorie e successo dettagli trascurabili, vanagloria da lasciare agli altri. C&#8217;\u00e8 chi diventa gregario ma in genere gregari si nasce. Ed \u00e8 un limbo, l&#8217;\u00a0orlo estremo della voragine infernale che ospita le anime dei pagani virtuosi\u00a0 che non peccarono ma sono esclusi dalla salvezza, che non vengono puniti,\u00a0 che vivono sospesi nell&#8217;inappagabile desiderio di veder Dio e aspettano che Cristo risorto li vada a prendere per portarli\u00a0 in Paradiso.\u00a0 Non un bel vivere. Ma la retorica lo addolcisce, lo annacqua, fa credere che si possa accettare. Che possa piacere.\u00a0 Finch\u00e8 un giorno, come\u00a0 succede oggi nella Cuneo- Pinerolo,\u00a0 tappa mitica solo nel nome,\u00a0 primo al traguardo arrivi <strong>Cesare Benedetti<\/strong> da una decina d&#8217;anni in gruppo solo a far fatica,\u00a0 mai alzato le braccia, mai staccate dal manubrio, mai un brindisi, un podio,\u00a0 mai un bacio dalle miss, mai una polemica, una ribellione, mai un&#8217;alzata di capo. Il gregario perfetto. Perfetto per la retorica che lo vuole proprio cos\u00ec, eroe per un giorno e per un giorno solo. Eroe modesto ed eroe per caso. E lui sta al gioco: &#8221; Non sono mai stato un corridore particolarmente talentuoso e non sono un vincente- dice al traguardo-\u00a0 Ma oggi nel finale sono riuscito a fare esattamente quello che avevo in mente&#8230;&#8221;. Non un sorriso, ma si tradisce: gli occhi brillano. Si vede che dentro ha il terremoto. Si vede che \u00e8 il suo giorno, che finalmente ha rotto le catene e ha fatto ci\u00f2 che ha sempre sognato.\u00a0 E allora sarebbe bello raccontarli senza retorica i gregari. Sarebbe fantastico celebrarli spavaldi, sicuri, capaci di rompere le righe e\u00a0 <em>chissenefrega<\/em> di capitani,\u00a0 ordini dell&#8217;ammiraglia,\u00a0 squadra e\u00a0 tattiche.\u00a0 Sarebbe bello vedere che si incazzano quando perdono, che rifiutano un cambio o di andare l\u00e0 davanti a prender vento perch\u00e8 pensano allo sprint,\u00a0 che le borracce non le portano pi\u00f9 perch\u00e8 ognuno si va a prendere le sue e che ognuno ha la sua bici e guai a chi la tocca altro che cederla al capitano che cade o buca. Un&#8217;altra vita, sicuramente un altro ciclismo. &#8220;Dopotutto domani \u00e8 un altro giorno&#8230;&#8221; e Pinerolo non esiste. Non \u00e8 mai esistita&#8230;<\/p>\n","protected":false},"excerpt":{"rendered":"<p><p>Abnegazione, fedelt\u00e0 e sacrificio. Cos\u00ec si\u00a0 raccontano i gregari. A piene mani nella retorica del ciclismo che da sempre accompagna questi onesti pedalatori senza volto e senza ambizioni. Non \u00e8 cos\u00ec ma c&#8217;\u00e8 tutta una letteratura che racconta una schiera di eroi mai celebrati che si dannano anima e corpo in un lavoro invisibile e oscuro al servizio di squadra e capitano. Non gioiscono, non esultano, non vincono. Non vincono quasi mai, sono &#8220;straordinari perdenti&#8221;\u00a0 che considerano vittorie e successo dettagli trascurabili, vanagloria da lasciare agli altri. C&#8217;\u00e8 chi diventa gregario ma in genere gregari si nasce. Ed \u00e8 un [&hellip;]<\/p>\n&nbsp;&nbsp;<div class=\"readmore\"><a href=\"https:\/\/blog.ilgiornale.it\/ruzzo\/2019\/05\/23\/la-retorica-dei-gregari\/\">Continua a leggere...<\/a><\/div><\/p>","protected":false},"author":956,"featured_media":0,"comment_status":"open","ping_status":"closed","sticky":false,"template":"","format":"standard","meta":[],"categories":[1],"tags":[],"_links":{"self":[{"href":"https:\/\/blog.ilgiornale.it\/ruzzo\/wp-json\/wp\/v2\/posts\/26160"}],"collection":[{"href":"https:\/\/blog.ilgiornale.it\/ruzzo\/wp-json\/wp\/v2\/posts"}],"about":[{"href":"https:\/\/blog.ilgiornale.it\/ruzzo\/wp-json\/wp\/v2\/types\/post"}],"author":[{"embeddable":true,"href":"https:\/\/blog.ilgiornale.it\/ruzzo\/wp-json\/wp\/v2\/users\/956"}],"replies":[{"embeddable":true,"href":"https:\/\/blog.ilgiornale.it\/ruzzo\/wp-json\/wp\/v2\/comments?post=26160"}],"version-history":[{"count":2,"href":"https:\/\/blog.ilgiornale.it\/ruzzo\/wp-json\/wp\/v2\/posts\/26160\/revisions"}],"predecessor-version":[{"id":26163,"href":"https:\/\/blog.ilgiornale.it\/ruzzo\/wp-json\/wp\/v2\/posts\/26160\/revisions\/26163"}],"wp:attachment":[{"href":"https:\/\/blog.ilgiornale.it\/ruzzo\/wp-json\/wp\/v2\/media?parent=26160"}],"wp:term":[{"taxonomy":"category","embeddable":true,"href":"https:\/\/blog.ilgiornale.it\/ruzzo\/wp-json\/wp\/v2\/categories?post=26160"},{"taxonomy":"post_tag","embeddable":true,"href":"https:\/\/blog.ilgiornale.it\/ruzzo\/wp-json\/wp\/v2\/tags?post=26160"}],"curies":[{"name":"wp","href":"https:\/\/api.w.org\/{rel}","templated":true}]}}