{"id":26192,"date":"2019-05-27T19:40:13","date_gmt":"2019-05-27T17:40:13","guid":{"rendered":"https:\/\/blog.ilgiornale.it\/ruzzo\/?p=26192"},"modified":"2019-05-27T19:40:13","modified_gmt":"2019-05-27T17:40:13","slug":"e-finito-il-campionato-non-ci-resta-che-il-ciclismo","status":"publish","type":"post","link":"https:\/\/blog.ilgiornale.it\/ruzzo\/2019\/05\/27\/e-finito-il-campionato-non-ci-resta-che-il-ciclismo\/","title":{"rendered":"E&#8217; finito il campionato: non ci resta che il ciclismo.."},"content":{"rendered":"<p><a href=\"https:\/\/blog.ilgiornale.it\/ruzzo\/files\/2018\/08\/mig_3eeaf8955bd8ff634a95152481dbe40f.jpg\"><img loading=\"lazy\" class=\"alignleft size-medium wp-image-24745\" src=\"https:\/\/blog.ilgiornale.it\/ruzzo\/files\/2018\/08\/mig_3eeaf8955bd8ff634a95152481dbe40f-300x164.jpg\" alt=\"mig_3eeaf8955bd8ff634a95152481dbe40f\" width=\"300\" height=\"164\" srcset=\"https:\/\/blog.ilgiornale.it\/ruzzo\/files\/2018\/08\/mig_3eeaf8955bd8ff634a95152481dbe40f-300x164.jpg 300w, https:\/\/blog.ilgiornale.it\/ruzzo\/files\/2018\/08\/mig_3eeaf8955bd8ff634a95152481dbe40f-1024x558.jpg 1024w, https:\/\/blog.ilgiornale.it\/ruzzo\/files\/2018\/08\/mig_3eeaf8955bd8ff634a95152481dbe40f.jpg 1200w\" sizes=\"(max-width: 300px) 100vw, 300px\" \/><\/a>E&#8217; finita&#8230;E ora come si fa? Come riempiremo le giornate senza il campionato? Senza anticipi, posticipi, partite all&#8217;ora di pranzo, della merenda, di giorno, di notte, notti di coppe di campioni ovviamente&#8230; Senza calcio siamo un popolo perso e\u00a0 disperso. Un popolo malinconico, malato e senza cura. Senza il quadrifarmaco che ci toglie l\u2019ansia delle cattive notizie. Elezioni, sovranismo, pensioni tagliate, improbabili, forse impossibili,\u00a0 guerre,\u00a0 Ebola?\u00a0 Tutte stupidaggini. Anzi tutta un&#8217;esagerazione, la solita montatura \u00a0della stampa,\u00a0 fake news&#8230; Tutto falso, insomma, in un mondo pallonaro che ruota intorno all&#8217;unica verit\u00e0:\u00a0 quella della Var.\u00a0 Questo passa il convento e di questo ci si appassiona e si discute. Finch\u00e8 dura va bene cos\u00ec. Perch\u00e8, bisogna ammetterlo,\u00a0 uscire a cena, andare al cinema, leggersi un libro che noia \u00e8? Vuoi mettere una bella serata sul divano\u00a0 con la <strong>Domenica sportiva<\/strong>, con <strong>Tiki taka<\/strong>, con i vari Processi sulle tv private ad abbeverarsi alle interviste a tecnici e calciatori in zona mista, sempre illuminate, sempre misurate sempre rispettose degli avversari e del senso vero dello sport? Un&#8217;estate senza il campionato non passa pi\u00f9. Toccher\u00e0 appassionarsi ad altri sport noiosi ed inutili come la pallacanestro,\u00a0 l&#8217;atletica,\u00a0 il rugby o il triathlon che molti credono ancora sia una specialit\u00e0 &#8220;strana&#8221; del motociclismo&#8230; Oppure come il ciclismo dove sono tutti dopati, dove le bici hanno il motorino e dove le corse quando hai visto gli ultimi due chilometri hai visto tutto&#8230;Toccher\u00e0 seguire quelle noiose ed inutili\u00a0 tappe del Giro e del Tour de France dove sulle strade ci sono migliaia e migliaia di idioti fissati che non capiscono nulla e dove quei &#8220;viziati&#8221; bamboccioni dei ciclisti fanno un sacco di smorfie solo perch\u00e8 devono scalare Alpi e Pirenei o solo\u00a0 perch\u00e8 gli tocca pedalare sotto la pioggia o a quaranta gradi sull&#8217;asfalto. Dove fanno un sacco di scene per una caduta in bici, per una sbucciatura, per una clavicola rotta. Che poi alla fine non si fanno niente perch\u00e8 li vedi\u00a0 che il giorno dopo sono l\u00ec di nuovo in sella fasciati e incerottati. Tutta scena&#8230; Toccher\u00e0 ascoltare le loro inutili interviste, le loro liti da pollaio perch\u00e8 uno \u00e8 scattato quando non doveva, l&#8217;altro non ha tirato, quell&#8217;altro ancora \u00e8 partito in fuga mentre c&#8217;era un rifornimento. Piccole nefandezze di uno sport minore&#8230; Vuoi mettere il calcio mercato? Vuoi mettere <strong>Allegri, Sarri, Spalletti <\/strong>e<strong> Gattuso<\/strong> ?\u00a0 Vuoi mettere il\u00a0 valzer delle panchine,\u00a0 il 4-3-3,\u00a0 i selfie di <strong>Balotelli<\/strong> e i tormenti di <strong>Maurito<\/strong> e <strong>Wanda Nara<\/strong>?\u00a0 Gi\u00e0 vuoi mettere? E&#8217; finita&#8230;E meno male!<\/p>\n","protected":false},"excerpt":{"rendered":"<p><p>E&#8217; finita&#8230;E ora come si fa? Come riempiremo le giornate senza il campionato? Senza anticipi, posticipi, partite all&#8217;ora di pranzo, della merenda, di giorno, di notte, notti di coppe di campioni ovviamente&#8230; Senza calcio siamo un popolo perso e\u00a0 disperso. Un popolo malinconico, malato e senza cura. Senza il quadrifarmaco che ci toglie l\u2019ansia delle cattive notizie. Elezioni, sovranismo, pensioni tagliate, improbabili, forse impossibili,\u00a0 guerre,\u00a0 Ebola?\u00a0 Tutte stupidaggini. Anzi tutta un&#8217;esagerazione, la solita montatura \u00a0della stampa,\u00a0 fake news&#8230; Tutto falso, insomma, in un mondo pallonaro che ruota intorno all&#8217;unica verit\u00e0:\u00a0 quella della Var.\u00a0 Questo passa il convento e di questo [&hellip;]<\/p>\n&nbsp;&nbsp;<div class=\"readmore\"><a href=\"https:\/\/blog.ilgiornale.it\/ruzzo\/2019\/05\/27\/e-finito-il-campionato-non-ci-resta-che-il-ciclismo\/\">Continua a leggere...<\/a><\/div><\/p>","protected":false},"author":956,"featured_media":0,"comment_status":"open","ping_status":"closed","sticky":false,"template":"","format":"standard","meta":[],"categories":[1],"tags":[],"_links":{"self":[{"href":"https:\/\/blog.ilgiornale.it\/ruzzo\/wp-json\/wp\/v2\/posts\/26192"}],"collection":[{"href":"https:\/\/blog.ilgiornale.it\/ruzzo\/wp-json\/wp\/v2\/posts"}],"about":[{"href":"https:\/\/blog.ilgiornale.it\/ruzzo\/wp-json\/wp\/v2\/types\/post"}],"author":[{"embeddable":true,"href":"https:\/\/blog.ilgiornale.it\/ruzzo\/wp-json\/wp\/v2\/users\/956"}],"replies":[{"embeddable":true,"href":"https:\/\/blog.ilgiornale.it\/ruzzo\/wp-json\/wp\/v2\/comments?post=26192"}],"version-history":[{"count":1,"href":"https:\/\/blog.ilgiornale.it\/ruzzo\/wp-json\/wp\/v2\/posts\/26192\/revisions"}],"predecessor-version":[{"id":26194,"href":"https:\/\/blog.ilgiornale.it\/ruzzo\/wp-json\/wp\/v2\/posts\/26192\/revisions\/26194"}],"wp:attachment":[{"href":"https:\/\/blog.ilgiornale.it\/ruzzo\/wp-json\/wp\/v2\/media?parent=26192"}],"wp:term":[{"taxonomy":"category","embeddable":true,"href":"https:\/\/blog.ilgiornale.it\/ruzzo\/wp-json\/wp\/v2\/categories?post=26192"},{"taxonomy":"post_tag","embeddable":true,"href":"https:\/\/blog.ilgiornale.it\/ruzzo\/wp-json\/wp\/v2\/tags?post=26192"}],"curies":[{"name":"wp","href":"https:\/\/api.w.org\/{rel}","templated":true}]}}