{"id":26195,"date":"2019-05-28T18:20:39","date_gmt":"2019-05-28T16:20:39","guid":{"rendered":"https:\/\/blog.ilgiornale.it\/ruzzo\/?p=26195"},"modified":"2019-05-28T19:48:58","modified_gmt":"2019-05-28T17:48:58","slug":"mortirolo-il-giro-ha-senso-solo-se-ce-una-salita","status":"publish","type":"post","link":"https:\/\/blog.ilgiornale.it\/ruzzo\/2019\/05\/28\/mortirolo-il-giro-ha-senso-solo-se-ce-una-salita\/","title":{"rendered":"Mortirolo, il Giro ha senso solo se c&#8217;\u00e8 una salita"},"content":{"rendered":"<p><a href=\"https:\/\/blog.ilgiornale.it\/ruzzo\/files\/2019\/05\/cicco.jpg\"><img loading=\"lazy\" class=\"alignleft size-medium wp-image-26196\" src=\"https:\/\/blog.ilgiornale.it\/ruzzo\/files\/2019\/05\/cicco-300x237.jpg\" alt=\"cicco\" width=\"300\" height=\"237\" srcset=\"https:\/\/blog.ilgiornale.it\/ruzzo\/files\/2019\/05\/cicco-300x237.jpg 300w, https:\/\/blog.ilgiornale.it\/ruzzo\/files\/2019\/05\/cicco-1024x810.jpg 1024w, https:\/\/blog.ilgiornale.it\/ruzzo\/files\/2019\/05\/cicco.jpg 1130w\" sizes=\"(max-width: 300px) 100vw, 300px\" \/><\/a>Sul Mortirolo batte il cuore ma\u00a0 battono anche i denti.\u00a0 Tappa d&#8217;altri tempi, recita la retorica del ciclismo. Tappa di montagna,\u00a0 fredda e buia, da ammiraglie con i fari accesi, di mantelline messe e buttate via, di distacchi, di litigi prima della volata, di maglie rosa che resistono, di squali che attaccano e di cronoman che non mollano ma perdono minuti. Tappa di pioggia che ti bagna e ti gela, che ti fa tremare, che non riesci pi\u00f9 a fermare le labbra, che non vedi l&#8217;ora di una doccia calda,\u00a0 di finire, di arrivare e vada come vada. E va benissimo a\u00a0<strong>Giulio Ciccone<\/strong>, che fa rima con\u00a0 <strong>Vito Taccone<\/strong>, lui pure\u00a0 scalatore e orgoglio d&#8217;Abruzzo. Una promessa ormai mantenuta. Il ragazzino di Chieti, che tre anni fa al Giro aveva gi\u00e0 vinto e fu il pi\u00f9 giovane di sempre a farlo, oggi concede il bis. Ma \u00e8 un&#8217;altra cosa, tutta un&#8217;altra storia. Nella tappa del Gavia che non c&#8217;\u00e8 pi\u00f9, c&#8217;\u00e8 il Mortirolo che basta e avanza a ritagliarsi una pagina di gloria. Gloria sempiterna che solo la salita regala. La bici ha\u00a0 senso solo quando si scalano le montagne. Non c\u2019\u00e8 discussione. Chi ama pedalare\u00a0 sa quanto sia duro un allenamento in pianura. Non ti passa mai. Sudi, pedali, cerchi di far finta che non ci sia vento ma alla fine sei sempre l\u00ec. Con il campo di granturco a fianco,\u00a0 con la risaia, con l\u2019infinita\u00a0 fila di pioppi, con quel rettilineo che il riflesso\u00a0del sole\u00a0fa sembrare l&#8217;asfalto una via d\u2019acqua.\u00a0 La salita invece vola via. La fatica \u00e8 doppia, tripla, infinita ma ti scivola addosso, \u00e8 il prezzo da pagare per salire in alto, per avvicinarsi alla gloria. Vale per<strong> Ciccone<\/strong> ma vale per tutti, dal primo all&#8217;ultimo in gruppo, dal primo all&#8217;ultimo degli amatori.\u00a0 Certo ci butti l\u2019anima sullo Stelvio, sul Pordoi o sul\u00a0 Mont Ventoux. Ci lasci qualche anno di vita sul Mortirolo soprattutto in una giornata da tregenda come quella di oggi, su quei tornanti che se li fai a tutta ti viene la nausea, che dopo quarto d\u2019ora hai le gambe di marmo. Il ciclismo ha senso solo in salita perch\u00e8 in salita si \u00e8 fatta la storia di uno sport che sa essere epico anche nel presente e nel futuro. Perch\u00e8 in salita si vincono Giro e Tour. Ma soprattutto perch\u00e8\u00a0 in salita si perdono. E perch\u00e8 in salita c&#8217;\u00e8 gloria per tutti, per chi vince ma anche per chi \u00e8 battuto.\u00a0 Questo sta scritto da qualche parte e questo si devono essere detti <strong>Vincenzo Nibali, Richard Carapaz<\/strong> e compagni quando hanno visto <strong>Primos Roglic<\/strong> che si staccava sui primi tornanti e hanno deciso di far una squadra sola fino a Ponte di Legno. Domani si sale ancora fino ad Anterselva, altre montagne e un&#8217; altra salita. E&#8217; un attimo colorarla di rosa&#8230;<\/p>\n","protected":false},"excerpt":{"rendered":"<p><p>Sul Mortirolo batte il cuore ma\u00a0 battono anche i denti.\u00a0 Tappa d&#8217;altri tempi, recita la retorica del ciclismo. Tappa di montagna,\u00a0 fredda e buia, da ammiraglie con i fari accesi, di mantelline messe e buttate via, di distacchi, di litigi prima della volata, di maglie rosa che resistono, di squali che attaccano e di cronoman che non mollano ma perdono minuti. Tappa di pioggia che ti bagna e ti gela, che ti fa tremare, che non riesci pi\u00f9 a fermare le labbra, che non vedi l&#8217;ora di una doccia calda,\u00a0 di finire, di arrivare e vada come vada. E va [&hellip;]<\/p>\n&nbsp;&nbsp;<div class=\"readmore\"><a href=\"https:\/\/blog.ilgiornale.it\/ruzzo\/2019\/05\/28\/mortirolo-il-giro-ha-senso-solo-se-ce-una-salita\/\">Continua a leggere...<\/a><\/div><\/p>","protected":false},"author":956,"featured_media":0,"comment_status":"open","ping_status":"closed","sticky":false,"template":"","format":"standard","meta":[],"categories":[1],"tags":[],"_links":{"self":[{"href":"https:\/\/blog.ilgiornale.it\/ruzzo\/wp-json\/wp\/v2\/posts\/26195"}],"collection":[{"href":"https:\/\/blog.ilgiornale.it\/ruzzo\/wp-json\/wp\/v2\/posts"}],"about":[{"href":"https:\/\/blog.ilgiornale.it\/ruzzo\/wp-json\/wp\/v2\/types\/post"}],"author":[{"embeddable":true,"href":"https:\/\/blog.ilgiornale.it\/ruzzo\/wp-json\/wp\/v2\/users\/956"}],"replies":[{"embeddable":true,"href":"https:\/\/blog.ilgiornale.it\/ruzzo\/wp-json\/wp\/v2\/comments?post=26195"}],"version-history":[{"count":3,"href":"https:\/\/blog.ilgiornale.it\/ruzzo\/wp-json\/wp\/v2\/posts\/26195\/revisions"}],"predecessor-version":[{"id":26199,"href":"https:\/\/blog.ilgiornale.it\/ruzzo\/wp-json\/wp\/v2\/posts\/26195\/revisions\/26199"}],"wp:attachment":[{"href":"https:\/\/blog.ilgiornale.it\/ruzzo\/wp-json\/wp\/v2\/media?parent=26195"}],"wp:term":[{"taxonomy":"category","embeddable":true,"href":"https:\/\/blog.ilgiornale.it\/ruzzo\/wp-json\/wp\/v2\/categories?post=26195"},{"taxonomy":"post_tag","embeddable":true,"href":"https:\/\/blog.ilgiornale.it\/ruzzo\/wp-json\/wp\/v2\/tags?post=26195"}],"curies":[{"name":"wp","href":"https:\/\/api.w.org\/{rel}","templated":true}]}}