{"id":26200,"date":"2019-05-29T18:51:36","date_gmt":"2019-05-29T16:51:36","guid":{"rendered":"https:\/\/blog.ilgiornale.it\/ruzzo\/?p=26200"},"modified":"2019-05-29T18:51:36","modified_gmt":"2019-05-29T16:51:36","slug":"prosecco-cycling-e-zaia-una-bici-per-dimenticare-molinetto-della-croda","status":"publish","type":"post","link":"https:\/\/blog.ilgiornale.it\/ruzzo\/2019\/05\/29\/prosecco-cycling-e-zaia-una-bici-per-dimenticare-molinetto-della-croda\/","title":{"rendered":"Prosecco Cycling e Zaia: una bici per dimenticare Molinetto della Croda"},"content":{"rendered":"<p style=\"font-weight: 400\"><a href=\"https:\/\/blog.ilgiornale.it\/ruzzo\/files\/2019\/05\/pros.jpg\"><img loading=\"lazy\" class=\"alignleft size-medium wp-image-26201\" src=\"https:\/\/blog.ilgiornale.it\/ruzzo\/files\/2019\/05\/pros-300x215.jpg\" alt=\"pros\" width=\"300\" height=\"215\" srcset=\"https:\/\/blog.ilgiornale.it\/ruzzo\/files\/2019\/05\/pros-300x215.jpg 300w, https:\/\/blog.ilgiornale.it\/ruzzo\/files\/2019\/05\/pros-1024x735.jpg 1024w, https:\/\/blog.ilgiornale.it\/ruzzo\/files\/2019\/05\/pros.jpg 1128w\" sizes=\"(max-width: 300px) 100vw, 300px\" \/><\/a>Una bici\u00a0 per dimenticare una tragedia. Una bici per recuperare l&#8217;uso di una gamba e per dimenticare la notte buia di <strong>Molinetto della Croda<\/strong> che ha cambiato la vita di un paese intero. Cinque anni fa ma il ricordo \u00e8 ancora vivo.\u00a0 Succede tutto in pochi minuti, durante un temporale.\u00a0\u00a0Un&#8217;improvvisa ondata d&#8217;acqua, causata dallo straripamento del torrente Lierza, si\u00a0 abbatte sul tendone allestito a Refrontolo, un comune di qualche migliaio d anime in provincia di Treviso, dove si sta svolgendo la &#8220;Festa dei omi&#8221;, le festa degli uomini. E pieno di gente che si diverte ma acqua, fango e alberi, che arrivano gi\u00f9 dalla collina come una bomba, travolgono tutto, si portano via tutto ci\u00f2 che trovano: tavoli, sedie e automobili. Anche le persone e in quattro perdono la vita. Una tragedia. Tra i superstiti per\u00f2 c\u2019\u00e8 <strong>Guido Fantin,<\/strong> 54 anni, di Pieve di Soligo, che quella sera quando quel muro d&#8217;acqua gli arriva addosso rimane aggrappato a un guard-rail\u00a0 vicino al piazzale che ospitava il tendone, e viene colpito per un tempo interminabile dai detriti portati dalla corrente. Resiste e ne esce vivo non si sa come: \u00e8 un miracolo. Per\u00f2 \u00e8 messo male,\u00a0 con gravi ferite alla gamba e al braccio destro, che lo costringono a rimanere in ospedale per oltre due mesi e a subire un\u2019infinit\u00e0 di interventi chirurgici.\u00a0 \u201cBen otto \u2013 racconta\u00a0 &#8211; L\u2019ultimo, il 19 febbraio scorso. La gamba era andata subito in cancrena, i medici non sapevano come fare per fermare l\u2019infezione. Nei primi 40 giorni sono finito sotto i ferri per sei volte. Ho dovuto abbandonare il mio lavoro di macellaio e ancora oggi non riesco a stare in piedi a lungo, anche se fortunatamente ho recuperato l\u2019uso della mano\u201d.\u00a0 Fantin deve ringraziare in particolar modo due persone, il dottor <strong>Giorgio Berna,<\/strong> direttore dell\u2019Unit\u00e0 Operativa Complessa di Chirurgia Plastica al Ca\u2019 Foncello di Treviso, il medico che lo ha operato pi\u00f9 volte e il dottor <strong>Sandro Cinquetti,<\/strong> dirigente medico presso l\u2019ASL di Pieve di Soligo.\u00a0 E\u2019 stato proprio il professor Berna, dopo l\u2019ultimo intervento chirurgico, a consigliargli l\u2019uso graduale della bici nella terapia di riabilitazione alla gamba destra. Cos\u00ec ora comincer\u00e0 a pedalare. Anche grazie al\u00a0Governatore del Veneto, <strong>Luca Zaia<\/strong> e agli organizzatori della <strong>Prosecco Cycling<\/strong> che si correr\u00e0 il prossimo 29 settembre e che in 15 anni ha portato a pedalare sulle colline trevigiane oltre 40mila appassionati di tutto il mondo. Insieme alla <strong>Fun Active Tours<\/strong> \u00e8 stata consegnata a Fanti una e-bike con cui si potr\u00e0 unire per un tratto alla granfondo quando transiter\u00e0 nei pressi del Molinetto della Croda: &#8220;Ringraziamo il presidente Zaia &#8211; ha commentato <strong>Massimo Stefani,<\/strong> ideatore della Prosecco Cycling -. Il suo intervento ha permesso alla Prosecco Cycling di contribuire ad una causa importante. Un grande evento del territorio, come la Prosecco Cycling, sempre disponibile ad iniziative solidali, non pu\u00f2 che essere presente in una circostanza cos\u00ec significativa\u201d.<\/p>\n","protected":false},"excerpt":{"rendered":"<p><p>Una bici\u00a0 per dimenticare una tragedia. Una bici per recuperare l&#8217;uso di una gamba e per dimenticare la notte buia di Molinetto della Croda che ha cambiato la vita di un paese intero. Cinque anni fa ma il ricordo \u00e8 ancora vivo.\u00a0 Succede tutto in pochi minuti, durante un temporale.\u00a0\u00a0Un&#8217;improvvisa ondata d&#8217;acqua, causata dallo straripamento del torrente Lierza, si\u00a0 abbatte sul tendone allestito a Refrontolo, un comune di qualche migliaio d anime in provincia di Treviso, dove si sta svolgendo la &#8220;Festa dei omi&#8221;, le festa degli uomini. E pieno di gente che si diverte ma acqua, fango e alberi, [&hellip;]<\/p>\n&nbsp;&nbsp;<div class=\"readmore\"><a href=\"https:\/\/blog.ilgiornale.it\/ruzzo\/2019\/05\/29\/prosecco-cycling-e-zaia-una-bici-per-dimenticare-molinetto-della-croda\/\">Continua a leggere...<\/a><\/div><\/p>","protected":false},"author":956,"featured_media":0,"comment_status":"open","ping_status":"closed","sticky":false,"template":"","format":"standard","meta":[],"categories":[1],"tags":[],"_links":{"self":[{"href":"https:\/\/blog.ilgiornale.it\/ruzzo\/wp-json\/wp\/v2\/posts\/26200"}],"collection":[{"href":"https:\/\/blog.ilgiornale.it\/ruzzo\/wp-json\/wp\/v2\/posts"}],"about":[{"href":"https:\/\/blog.ilgiornale.it\/ruzzo\/wp-json\/wp\/v2\/types\/post"}],"author":[{"embeddable":true,"href":"https:\/\/blog.ilgiornale.it\/ruzzo\/wp-json\/wp\/v2\/users\/956"}],"replies":[{"embeddable":true,"href":"https:\/\/blog.ilgiornale.it\/ruzzo\/wp-json\/wp\/v2\/comments?post=26200"}],"version-history":[{"count":2,"href":"https:\/\/blog.ilgiornale.it\/ruzzo\/wp-json\/wp\/v2\/posts\/26200\/revisions"}],"predecessor-version":[{"id":26203,"href":"https:\/\/blog.ilgiornale.it\/ruzzo\/wp-json\/wp\/v2\/posts\/26200\/revisions\/26203"}],"wp:attachment":[{"href":"https:\/\/blog.ilgiornale.it\/ruzzo\/wp-json\/wp\/v2\/media?parent=26200"}],"wp:term":[{"taxonomy":"category","embeddable":true,"href":"https:\/\/blog.ilgiornale.it\/ruzzo\/wp-json\/wp\/v2\/categories?post=26200"},{"taxonomy":"post_tag","embeddable":true,"href":"https:\/\/blog.ilgiornale.it\/ruzzo\/wp-json\/wp\/v2\/tags?post=26200"}],"curies":[{"name":"wp","href":"https:\/\/api.w.org\/{rel}","templated":true}]}}