{"id":26209,"date":"2019-05-31T12:40:14","date_gmt":"2019-05-31T10:40:14","guid":{"rendered":"https:\/\/blog.ilgiornale.it\/ruzzo\/?p=26209"},"modified":"2019-05-31T12:40:14","modified_gmt":"2019-05-31T10:40:14","slug":"linus-e-il-deejaytri-stessa-filosofia-della-corsa","status":"publish","type":"post","link":"https:\/\/blog.ilgiornale.it\/ruzzo\/2019\/05\/31\/linus-e-il-deejaytri-stessa-filosofia-della-corsa\/","title":{"rendered":"Linus e il DeejayTri: &#8221; Stessa filosofia della corsa&#8230;&#8221;"},"content":{"rendered":"<p><a href=\"https:\/\/blog.ilgiornale.it\/ruzzo\/files\/2019\/05\/djtri.jpg\"><img loading=\"lazy\" class=\"alignleft size-medium wp-image-26210\" src=\"https:\/\/blog.ilgiornale.it\/ruzzo\/files\/2019\/05\/djtri-212x300.jpg\" alt=\"djtri\" width=\"212\" height=\"300\" srcset=\"https:\/\/blog.ilgiornale.it\/ruzzo\/files\/2019\/05\/djtri-212x300.jpg 212w, https:\/\/blog.ilgiornale.it\/ruzzo\/files\/2019\/05\/djtri.jpg 606w\" sizes=\"(max-width: 212px) 100vw, 212px\" \/><\/a>Torna il grande triathlon all&#8217;Idroscalo. Torna nel nome di <strong>RadioDeejay<\/strong> e di <strong>Trio Events<\/strong> che l&#8217;anno scorso portarono sulle rive del mare di Milano oltre 2.700 atleti in un weekend di sport e di festa. E per la sua terza edizione il <strong>DeejayTri<\/strong> raddoppia aggiungendo all&#8217;appuntamento milanese dell&#8217;8-9 giugno quello del 20 e 21 luglio sulla spiaggia di Senigallia. Sara un fine settimana per i campioni, per i pi\u00f9 allenati ma soprattutto per chi si vuole avvicinare a uno sport sempre pi\u00f9 di moda dove nuotare, pedalare e correre si fa tutto insieme. la sfida del triathlon \u00e8 questa. Perch\u00e8, come dicono gli organizzatori, quella di Milano deve essere un festa di sport dove si potr\u00e0 scoprire che questa non \u00e8 una disciplina riservata ai superuomini. Cos\u00ec \u00e8 nato il Sea <strong>DeejayTri<\/strong> e cos\u00ec sar\u00e0 anche quest&#8217;anno all&#8217;Idroscalo, il posto perfetto per mettere insieme nuoto bici e corsa ma il posto perfetto dove fare sport in assoluto a Milano. \u00abCi siamo avvicinati al triathlon con la stessa filosofia della corsa &#8211; spiega <strong>Linus,<\/strong> il direttore artistico di Radio Deejay &#8211; e cio\u00e8 con la speranza di creare un evento sportivo che unisca e non divida. Un evento in cui l&#8217;aspetto agonistico e organizzativo sia comunque e sempre di altissima qualit\u00e0 ma nel quale chiunque possa sentirsi a proprio agio, dal campione al neofita. E dove ogni partecipante torni a casa con il ricordo di una giornata divertente\u00bb. Sabato si comincia con la prova sulla distanza olimpica a seguire la gara Supersprint\u00a0 per incentivare neofiti e curiosi che vogliono mettersi in gioco con una prima competizione. La partecipazione \u00e8, infatti, aperta ai tesserati della Federazione Italiana Triathlon, ma anche ai non agonisti con tesseramento giornaliero. Sulla distanza olimpica, si svolger\u00e0 anche la gara a staffetta con team da tre partecipanti, uno per ciascuna frazione, anche misti.\u00a0 Domenica invece si scender\u00e0 in campo per il triathlon Sprint Silver\u00a0 e per le gare riservate ai ragazzi dai Kid ai minicucccioli, dai cuccioli agli esordienti. \u00abCon orgoglio possiamo dire che questo appuntamento in tre anni \u00e8 diventato imperdibile per tantissimi appassionati- spiega <strong>Massimiliano Rovatti<\/strong> di TriO Events &#8211; tanto da essere riconosciuto come miglior evento di triathlon 2018&#8230;\u00bb. Un premio che impone di alzare l&#8217;asticella anche sulla sostenibilit\u00e0, sfida che sta diventando sempre pi\u00f9 importante anche per le manifestazioni sportive: \u00abQuesta edizione sar\u00e0 plastic free- spiega<strong> Rovatti<\/strong>&#8211; niente pi\u00f9 bottigliette in plastica ma acqua pubblica filtrata, distribuita nel corso degli eventi con erogatori e bicchieri di carta biodegradabile. Anche nei pasta party saranno utilizzati materiali totalmente biodegradabili, nel pieno rispetto dell&#8217;ambiente\u00bb.<\/p>\n","protected":false},"excerpt":{"rendered":"<p><p>Torna il grande triathlon all&#8217;Idroscalo. Torna nel nome di RadioDeejay e di Trio Events che l&#8217;anno scorso portarono sulle rive del mare di Milano oltre 2.700 atleti in un weekend di sport e di festa. E per la sua terza edizione il DeejayTri raddoppia aggiungendo all&#8217;appuntamento milanese dell&#8217;8-9 giugno quello del 20 e 21 luglio sulla spiaggia di Senigallia. Sara un fine settimana per i campioni, per i pi\u00f9 allenati ma soprattutto per chi si vuole avvicinare a uno sport sempre pi\u00f9 di moda dove nuotare, pedalare e correre si fa tutto insieme. la sfida del triathlon \u00e8 questa. Perch\u00e8, [&hellip;]<\/p>\n&nbsp;&nbsp;<div class=\"readmore\"><a href=\"https:\/\/blog.ilgiornale.it\/ruzzo\/2019\/05\/31\/linus-e-il-deejaytri-stessa-filosofia-della-corsa\/\">Continua a leggere...<\/a><\/div><\/p>","protected":false},"author":956,"featured_media":0,"comment_status":"open","ping_status":"closed","sticky":false,"template":"","format":"standard","meta":[],"categories":[1],"tags":[],"_links":{"self":[{"href":"https:\/\/blog.ilgiornale.it\/ruzzo\/wp-json\/wp\/v2\/posts\/26209"}],"collection":[{"href":"https:\/\/blog.ilgiornale.it\/ruzzo\/wp-json\/wp\/v2\/posts"}],"about":[{"href":"https:\/\/blog.ilgiornale.it\/ruzzo\/wp-json\/wp\/v2\/types\/post"}],"author":[{"embeddable":true,"href":"https:\/\/blog.ilgiornale.it\/ruzzo\/wp-json\/wp\/v2\/users\/956"}],"replies":[{"embeddable":true,"href":"https:\/\/blog.ilgiornale.it\/ruzzo\/wp-json\/wp\/v2\/comments?post=26209"}],"version-history":[{"count":1,"href":"https:\/\/blog.ilgiornale.it\/ruzzo\/wp-json\/wp\/v2\/posts\/26209\/revisions"}],"predecessor-version":[{"id":26211,"href":"https:\/\/blog.ilgiornale.it\/ruzzo\/wp-json\/wp\/v2\/posts\/26209\/revisions\/26211"}],"wp:attachment":[{"href":"https:\/\/blog.ilgiornale.it\/ruzzo\/wp-json\/wp\/v2\/media?parent=26209"}],"wp:term":[{"taxonomy":"category","embeddable":true,"href":"https:\/\/blog.ilgiornale.it\/ruzzo\/wp-json\/wp\/v2\/categories?post=26209"},{"taxonomy":"post_tag","embeddable":true,"href":"https:\/\/blog.ilgiornale.it\/ruzzo\/wp-json\/wp\/v2\/tags?post=26209"}],"curies":[{"name":"wp","href":"https:\/\/api.w.org\/{rel}","templated":true}]}}