{"id":26489,"date":"2019-08-01T15:03:47","date_gmt":"2019-08-01T13:03:47","guid":{"rendered":"https:\/\/blog.ilgiornale.it\/ruzzo\/?p=26489"},"modified":"2019-08-03T01:12:24","modified_gmt":"2019-08-02T23:12:24","slug":"la-pista-di-monza-riapre-alle-bici-e-al-triathlon","status":"publish","type":"post","link":"https:\/\/blog.ilgiornale.it\/ruzzo\/2019\/08\/01\/la-pista-di-monza-riapre-alle-bici-e-al-triathlon\/","title":{"rendered":"La pista di Monza riapre alle bici ( e al triathlon)"},"content":{"rendered":"<p><a href=\"https:\/\/blog.ilgiornale.it\/ruzzo\/files\/2019\/08\/monza.png\"><img loading=\"lazy\" class=\"alignleft size-medium wp-image-26490\" src=\"https:\/\/blog.ilgiornale.it\/ruzzo\/files\/2019\/08\/monza-300x220.png\" alt=\"monza\" width=\"300\" height=\"220\" srcset=\"https:\/\/blog.ilgiornale.it\/ruzzo\/files\/2019\/08\/monza-300x220.png 300w, https:\/\/blog.ilgiornale.it\/ruzzo\/files\/2019\/08\/monza.png 618w\" sizes=\"(max-width: 300px) 100vw, 300px\" \/><\/a>L\u2019autodromo di Monza si fa in tre. Dal prossimo anno infatti continueranno le aperture gratuite della pista ai ciclisti ma potrebbe gi\u00e0 \u00a0ospitare un paio di gare di duathlon e dal 2021, quando saranno ultimati i lavori di ristrutturazione della piscina, la sua prima gara di triathlon. \u00c8 l\u2019onda lunga della stagione &#8220;Pista Aperta&#8221; che negli ultimi anni ha avuto un successo crescente e nel 2020 per fortuna continuer\u00e0. E\u2019 il frutto della gestione intelligente e \u201cilluminata\u201d di un impianto che resta la mitica cattedrale della velocit\u00e0 ma che , a motori spenti, non vuole diventare una cattedrale nel deserto. \u00a0E cos\u00ec poche sere fa una piccola delegazione in rappresentanza delle centinaia di atleti\u00a0 che hanno partecipato alle aperture del circuito\u00a0 con le societ\u00e0 di\u00a0 triathlon VTT Valxer Triathlon Team asd, MMT Monza Marathon Team, Raschiani Triathlon e della Ciclistica Seregno asd, \u00a0ha consegnato un attestato di ringraziamento nelle mani di <strong>Pietro Benvenuti,<\/strong> General Manager dell\u2019Autodromo di Monza. Un piccolo segno che premia una grande idea, che spiega meglio di tante parole come a volte basti davvero poco per trasformare una struttura chiusa in un punto di ritrovo vivo e vivace. Da aprile a giugno, due sere la settimana, qui oltre agli appassionati delle due ruote si sono dati appuntamento triathleti, pattinatori, handbiker\u00a0 per fare sport in completa sicurezza e per\u00a0 allenarsi lontani dal traffico. \u201cEd ora si far\u00e0 ancora di pi\u00f9-spiega <strong>Mauro Garavaglia,<\/strong>\u00a0 Presidente di FITri Lombardia- La volont\u00e0 dell\u2019autodromo \u00e8 quella di organizzare eventi che coinvolgano atleti e pubblico e alcune societ\u00e0 hanno gi\u00e0 manifestato la loro disponibilit\u00e0 a collaborare con la Direzione dell\u2019Autodromo con alcuni progetti di gare. A settembre abbiamo fissato un incontro per mettere a punto i dettagli che coinvolgono anche il paratriathlon\u201d.<\/p>\n","protected":false},"excerpt":{"rendered":"<p><p>L\u2019autodromo di Monza si fa in tre. Dal prossimo anno infatti continueranno le aperture gratuite della pista ai ciclisti ma potrebbe gi\u00e0 \u00a0ospitare un paio di gare di duathlon e dal 2021, quando saranno ultimati i lavori di ristrutturazione della piscina, la sua prima gara di triathlon. \u00c8 l\u2019onda lunga della stagione &#8220;Pista Aperta&#8221; che negli ultimi anni ha avuto un successo crescente e nel 2020 per fortuna continuer\u00e0. E\u2019 il frutto della gestione intelligente e \u201cilluminata\u201d di un impianto che resta la mitica cattedrale della velocit\u00e0 ma che , a motori spenti, non vuole diventare una cattedrale nel deserto. [&hellip;]<\/p>\n&nbsp;&nbsp;<div class=\"readmore\"><a href=\"https:\/\/blog.ilgiornale.it\/ruzzo\/2019\/08\/01\/la-pista-di-monza-riapre-alle-bici-e-al-triathlon\/\">Continua a leggere...<\/a><\/div><\/p>","protected":false},"author":956,"featured_media":0,"comment_status":"open","ping_status":"closed","sticky":false,"template":"","format":"standard","meta":[],"categories":[1],"tags":[],"_links":{"self":[{"href":"https:\/\/blog.ilgiornale.it\/ruzzo\/wp-json\/wp\/v2\/posts\/26489"}],"collection":[{"href":"https:\/\/blog.ilgiornale.it\/ruzzo\/wp-json\/wp\/v2\/posts"}],"about":[{"href":"https:\/\/blog.ilgiornale.it\/ruzzo\/wp-json\/wp\/v2\/types\/post"}],"author":[{"embeddable":true,"href":"https:\/\/blog.ilgiornale.it\/ruzzo\/wp-json\/wp\/v2\/users\/956"}],"replies":[{"embeddable":true,"href":"https:\/\/blog.ilgiornale.it\/ruzzo\/wp-json\/wp\/v2\/comments?post=26489"}],"version-history":[{"count":3,"href":"https:\/\/blog.ilgiornale.it\/ruzzo\/wp-json\/wp\/v2\/posts\/26489\/revisions"}],"predecessor-version":[{"id":26501,"href":"https:\/\/blog.ilgiornale.it\/ruzzo\/wp-json\/wp\/v2\/posts\/26489\/revisions\/26501"}],"wp:attachment":[{"href":"https:\/\/blog.ilgiornale.it\/ruzzo\/wp-json\/wp\/v2\/media?parent=26489"}],"wp:term":[{"taxonomy":"category","embeddable":true,"href":"https:\/\/blog.ilgiornale.it\/ruzzo\/wp-json\/wp\/v2\/categories?post=26489"},{"taxonomy":"post_tag","embeddable":true,"href":"https:\/\/blog.ilgiornale.it\/ruzzo\/wp-json\/wp\/v2\/tags?post=26489"}],"curies":[{"name":"wp","href":"https:\/\/api.w.org\/{rel}","templated":true}]}}