{"id":26530,"date":"2019-08-09T18:13:01","date_gmt":"2019-08-09T16:13:01","guid":{"rendered":"https:\/\/blog.ilgiornale.it\/ruzzo\/?p=26530"},"modified":"2019-08-09T18:13:01","modified_gmt":"2019-08-09T16:13:01","slug":"ironman-cervia-attesi-6mila-triatleti-al-via","status":"publish","type":"post","link":"https:\/\/blog.ilgiornale.it\/ruzzo\/2019\/08\/09\/ironman-cervia-attesi-6mila-triatleti-al-via\/","title":{"rendered":"Ironman Cervia: attesi 6mila triatleti al via"},"content":{"rendered":"<div><a href=\"https:\/\/blog.ilgiornale.it\/ruzzo\/files\/2019\/08\/cer.jpg\"><img loading=\"lazy\" class=\"alignleft size-medium wp-image-26531\" src=\"https:\/\/blog.ilgiornale.it\/ruzzo\/files\/2019\/08\/cer-300x200.jpg\" alt=\"cer\" width=\"300\" height=\"200\" srcset=\"https:\/\/blog.ilgiornale.it\/ruzzo\/files\/2019\/08\/cer-300x200.jpg 300w, https:\/\/blog.ilgiornale.it\/ruzzo\/files\/2019\/08\/cer-1024x683.jpg 1024w, https:\/\/blog.ilgiornale.it\/ruzzo\/files\/2019\/08\/cer.jpg 2048w\" sizes=\"(max-width: 300px) 100vw, 300px\" \/><\/a>Tre gare in un weekend: un Ironman, un mezzo Ironman e un olimpico.\u00a0 Tre gare che faranno diventare Cervia l&#8217;ombelico del triathlon tra il 21 e il 22 settembre anche se poi il weekend sar\u00e0 lunghissimo e comincer\u00e0 molto prima, gi\u00e0 gioved\u00ec,\u00a0 con gli \u00a0appuntamenti della Night run e con l&#8217;Ironkids, la\u00a0 corsa di 10k non competitiva che si svolger\u00e0 gioved\u00ec 19 settembre in notturna e le gare per i giovanissimi in programma nel pomeriggio di venerd\u00ec 20 settembre. Senza sosta quindi e Cervia \u00e8 gi\u00e0 quasi pronta. Per &#8220;santificare&#8221; un evento internazionale e una festa annunciata di sport che prover\u00e0 a coinvolgere gli atleti ma anche chi li seguir\u00e0 in un&#8217;avventura tra il mare e l&#8217;entroterra romagnolo.\u00a0 &#8220;Crediamo che un connubio come quello del marchio Ironman e l&#8217;Emilia Romagna sia\u00a0 vincente per creare un evento di questo tipo-\u00a0commenta<strong> Agust\u00ed P\u00e9rez,\u00a0\u00a0<\/strong>Regional Director South Emea Ironman- E&#8217; una destinazione che offre molto da un punto di vista sportivo: i percorsi, in prevalenza pianeggianti ma non monotoni, sono adatti sia ai neofiti che ai professionisti. Le saline di\u00a0<span class=\"il\">Cervia<\/span>, il colore della campagna romagnola e i borghi medievali quali Forlimpopoli e Bertinoro, unico tratto in salita, ti fanno assaporare le bellezze del paesaggio italiano mentre la frazione di corsa all\u2019interno della citt\u00e0 di\u00a0<span class=\"il\">Cervia<\/span>\u00a0Milano-Marittima permette di scoprire angoli davvero unici. Il tifo, il cibo italiano e l\u2019accoglienza romagnola fanno il resto&#8230;&#8221;. Grande novit\u00e0 di quest&#8217;anno \u00e8\u00a0<strong>l\u2019Ironman 70.3\u00a0<\/strong>che si trasferisce da Pescara a Cervia. La mezza distanza si correr\u00e0 domenica 22 settembre in contemporanea con il\u00a0\u00a0<b>5150\u00a0<\/b><span class=\"il\" style=\"font-weight: bold\">Cervia<\/span><b>\u00a0<\/b><span class=\"il\"><b>Triathlon.\u00a0<\/b>\u00a0La distanza Ironman \u00e8 invece in programma sabato 21 settembre.\u00a0 Entrambe<\/span>\u00a0le gare principali mettono a disposizione per professionisti e per gli age-group slot di qualificazione rispettivamente per l\u2019Ironman World Championship 2020 a Kona nelle\u00a0 Hawai\u2019i e per il 70.3 World Championship 2020 che si svolger\u00e0 a Taupo, Nuova Zelanda. Anche quest&#8217;anno Cervia punta a fare il &#8220;tutto esaurito&#8221;. Sono attesi\u00a0\u00a0atleti provenienti in maniera massiccia da Germania, Regno Unito e Francia ma, rispetto alla passata edizione,\u00a0 \u00e8 in forte crescita anche la presenza di atleti russi. Ovviamente non mancano rappresentanze di Paesi\u00a0quali Australia, Giappone, Latino Americani. L\u2019obiettivo dichiarato dagli organizzatori \u00e8 di raggiungere oltre 60 Paesi rappresentati e 6000 atleti iscritti nelle tre diverse distanze. &#8221; E ci siamo quasi&#8230;&#8221;\u00a0 annunciano.<\/div>\n","protected":false},"excerpt":{"rendered":"<p><p>Tre gare in un weekend: un Ironman, un mezzo Ironman e un olimpico.\u00a0 Tre gare che faranno diventare Cervia l&#8217;ombelico del triathlon tra il 21 e il 22 settembre anche se poi il weekend sar\u00e0 lunghissimo e comincer\u00e0 molto prima, gi\u00e0 gioved\u00ec,\u00a0 con gli \u00a0appuntamenti della Night run e con l&#8217;Ironkids, la\u00a0 corsa di 10k non competitiva che si svolger\u00e0 gioved\u00ec 19 settembre in notturna e le gare per i giovanissimi in programma nel pomeriggio di venerd\u00ec 20 settembre. Senza sosta quindi e Cervia \u00e8 gi\u00e0 quasi pronta. Per &#8220;santificare&#8221; un evento internazionale e una festa annunciata di sport che [&hellip;]<\/p>\n&nbsp;&nbsp;<div class=\"readmore\"><a href=\"https:\/\/blog.ilgiornale.it\/ruzzo\/2019\/08\/09\/ironman-cervia-attesi-6mila-triatleti-al-via\/\">Continua a leggere...<\/a><\/div><\/p>","protected":false},"author":956,"featured_media":0,"comment_status":"open","ping_status":"closed","sticky":false,"template":"","format":"standard","meta":[],"categories":[1],"tags":[],"_links":{"self":[{"href":"https:\/\/blog.ilgiornale.it\/ruzzo\/wp-json\/wp\/v2\/posts\/26530"}],"collection":[{"href":"https:\/\/blog.ilgiornale.it\/ruzzo\/wp-json\/wp\/v2\/posts"}],"about":[{"href":"https:\/\/blog.ilgiornale.it\/ruzzo\/wp-json\/wp\/v2\/types\/post"}],"author":[{"embeddable":true,"href":"https:\/\/blog.ilgiornale.it\/ruzzo\/wp-json\/wp\/v2\/users\/956"}],"replies":[{"embeddable":true,"href":"https:\/\/blog.ilgiornale.it\/ruzzo\/wp-json\/wp\/v2\/comments?post=26530"}],"version-history":[{"count":1,"href":"https:\/\/blog.ilgiornale.it\/ruzzo\/wp-json\/wp\/v2\/posts\/26530\/revisions"}],"predecessor-version":[{"id":26532,"href":"https:\/\/blog.ilgiornale.it\/ruzzo\/wp-json\/wp\/v2\/posts\/26530\/revisions\/26532"}],"wp:attachment":[{"href":"https:\/\/blog.ilgiornale.it\/ruzzo\/wp-json\/wp\/v2\/media?parent=26530"}],"wp:term":[{"taxonomy":"category","embeddable":true,"href":"https:\/\/blog.ilgiornale.it\/ruzzo\/wp-json\/wp\/v2\/categories?post=26530"},{"taxonomy":"post_tag","embeddable":true,"href":"https:\/\/blog.ilgiornale.it\/ruzzo\/wp-json\/wp\/v2\/tags?post=26530"}],"curies":[{"name":"wp","href":"https:\/\/api.w.org\/{rel}","templated":true}]}}