{"id":26543,"date":"2019-08-12T16:11:14","date_gmt":"2019-08-12T14:11:14","guid":{"rendered":"https:\/\/blog.ilgiornale.it\/ruzzo\/?p=26543"},"modified":"2019-08-12T16:11:14","modified_gmt":"2019-08-12T14:11:14","slug":"pozzovivo-investito-vuelta-addio","status":"publish","type":"post","link":"https:\/\/blog.ilgiornale.it\/ruzzo\/2019\/08\/12\/pozzovivo-investito-vuelta-addio\/","title":{"rendered":"Pozzovivo investito: Vuelta addio"},"content":{"rendered":"<p><a href=\"https:\/\/blog.ilgiornale.it\/ruzzo\/files\/2019\/08\/pozzo.jpg\"><img loading=\"lazy\" class=\"alignleft size-medium wp-image-26544\" src=\"https:\/\/blog.ilgiornale.it\/ruzzo\/files\/2019\/08\/pozzo-300x200.jpg\" alt=\"pozzo\" width=\"300\" height=\"200\" srcset=\"https:\/\/blog.ilgiornale.it\/ruzzo\/files\/2019\/08\/pozzo-300x200.jpg 300w, https:\/\/blog.ilgiornale.it\/ruzzo\/files\/2019\/08\/pozzo.jpg 990w\" sizes=\"(max-width: 300px) 100vw, 300px\" \/><\/a>Incidente per Domenico Pozzovivo nel corso di un allenamento sulle strade cosentine. Il 36enne della Bahrain-Merida \u00e8 stato investito a Laurignano, frazione di Dipignano nei pressi di Cosenza, da una utilitaria guidata da un uomo che si \u00e8 subito fermato ed ha chiamato i soccorsi. L&#8217;atleta, ricoverato all&#8217;ospedale Annunziata di Cosenza, avrebbe subito la frattura di una gamba,\u00a0 di un braccio e di sei costole e nelle prossime ore sar\u00e0 sottoposto ad intervento chirurgico. Il gregario di Nibali, dopo esere rientrato nei giorni scorsi dal Giro di Polonia, si stava allenando da solo in vista della Vuelta di Spagna. &#8220;Pozzovivo ha riportato fratture al braccio e alla gamba dopo essere stato investito da un&#8217;auto. \u00c8 stabile e cosciente&#8221;, informa su Twitter il suo team la Bahrain-Merida, aggiungendo che dar\u00e0 ulteriori aggiornamenti dopo l&#8217;intervento chirurgico cui sar\u00e0 sottoposto il corridore lucano. &#8220;La sicurezza dei ciclisti \u00e8 la pi\u00f9 grande criticit\u00e0 che abbiamo, sono in aumento gli incidenti. L&#8217;automobilista dovrebbe avere pi\u00f9 sensibilit\u00e0 nei confronti di un utente pi\u00f9 debole come il ciclista. Auguri a Domenico&#8221;. Cos\u00ec il presidente della Federciclismo, Renato Di Rocco, ai microfoni di Radio Sportiva, commentato l&#8217;incidente che ha coinvolto il ciclista Pdella Baherein.<\/p>\n","protected":false},"excerpt":{"rendered":"<p><p>Incidente per Domenico Pozzovivo nel corso di un allenamento sulle strade cosentine. Il 36enne della Bahrain-Merida \u00e8 stato investito a Laurignano, frazione di Dipignano nei pressi di Cosenza, da una utilitaria guidata da un uomo che si \u00e8 subito fermato ed ha chiamato i soccorsi. L&#8217;atleta, ricoverato all&#8217;ospedale Annunziata di Cosenza, avrebbe subito la frattura di una gamba,\u00a0 di un braccio e di sei costole e nelle prossime ore sar\u00e0 sottoposto ad intervento chirurgico. Il gregario di Nibali, dopo esere rientrato nei giorni scorsi dal Giro di Polonia, si stava allenando da solo in vista della Vuelta di Spagna. &#8220;Pozzovivo [&hellip;]<\/p>\n&nbsp;&nbsp;<div class=\"readmore\"><a href=\"https:\/\/blog.ilgiornale.it\/ruzzo\/2019\/08\/12\/pozzovivo-investito-vuelta-addio\/\">Continua a leggere...<\/a><\/div><\/p>","protected":false},"author":956,"featured_media":0,"comment_status":"open","ping_status":"closed","sticky":false,"template":"","format":"standard","meta":[],"categories":[1],"tags":[],"_links":{"self":[{"href":"https:\/\/blog.ilgiornale.it\/ruzzo\/wp-json\/wp\/v2\/posts\/26543"}],"collection":[{"href":"https:\/\/blog.ilgiornale.it\/ruzzo\/wp-json\/wp\/v2\/posts"}],"about":[{"href":"https:\/\/blog.ilgiornale.it\/ruzzo\/wp-json\/wp\/v2\/types\/post"}],"author":[{"embeddable":true,"href":"https:\/\/blog.ilgiornale.it\/ruzzo\/wp-json\/wp\/v2\/users\/956"}],"replies":[{"embeddable":true,"href":"https:\/\/blog.ilgiornale.it\/ruzzo\/wp-json\/wp\/v2\/comments?post=26543"}],"version-history":[{"count":1,"href":"https:\/\/blog.ilgiornale.it\/ruzzo\/wp-json\/wp\/v2\/posts\/26543\/revisions"}],"predecessor-version":[{"id":26545,"href":"https:\/\/blog.ilgiornale.it\/ruzzo\/wp-json\/wp\/v2\/posts\/26543\/revisions\/26545"}],"wp:attachment":[{"href":"https:\/\/blog.ilgiornale.it\/ruzzo\/wp-json\/wp\/v2\/media?parent=26543"}],"wp:term":[{"taxonomy":"category","embeddable":true,"href":"https:\/\/blog.ilgiornale.it\/ruzzo\/wp-json\/wp\/v2\/categories?post=26543"},{"taxonomy":"post_tag","embeddable":true,"href":"https:\/\/blog.ilgiornale.it\/ruzzo\/wp-json\/wp\/v2\/tags?post=26543"}],"curies":[{"name":"wp","href":"https:\/\/api.w.org\/{rel}","templated":true}]}}