{"id":26549,"date":"2019-08-14T16:30:22","date_gmt":"2019-08-14T14:30:22","guid":{"rendered":"https:\/\/blog.ilgiornale.it\/ruzzo\/?p=26549"},"modified":"2019-08-14T16:59:23","modified_gmt":"2019-08-14T14:59:23","slug":"artic-race-la-corsa-di-ferragosto-a-nord-del-mondo","status":"publish","type":"post","link":"https:\/\/blog.ilgiornale.it\/ruzzo\/2019\/08\/14\/artic-race-la-corsa-di-ferragosto-a-nord-del-mondo\/","title":{"rendered":"Artic Race, la corsa di Ferragosto nel Nord del mondo"},"content":{"rendered":"<p><a href=\"https:\/\/blog.ilgiornale.it\/ruzzo\/files\/2019\/08\/lofo.jpg\"><img loading=\"lazy\" class=\"alignleft size-medium wp-image-26551\" src=\"https:\/\/blog.ilgiornale.it\/ruzzo\/files\/2019\/08\/lofo-300x157.jpg\" alt=\"lofo\" width=\"300\" height=\"157\" srcset=\"https:\/\/blog.ilgiornale.it\/ruzzo\/files\/2019\/08\/lofo-300x157.jpg 300w, https:\/\/blog.ilgiornale.it\/ruzzo\/files\/2019\/08\/lofo-1024x537.jpg 1024w, https:\/\/blog.ilgiornale.it\/ruzzo\/files\/2019\/08\/lofo.jpg 1255w\" sizes=\"(max-width: 300px) 100vw, 300px\" \/><\/a>Pi\u00f9 a Nord di cos\u00ec non si pu\u00f2. E Pedalare sulle isole Lofoten in Norvegia al di l\u00e0 di vittorie, sconfitte, salite e discese deve&#8217;essere un&#8217;emozione incredibile da riportare a casa. Ma a Ferragosto ormai sta dieventando un classico. Parte domani la settima edizione della <strong>Artic Race<\/strong> la gara professionistica pi\u00f9 a Nord del mondo sul circolo polare artico. Parte con l&#8217;olandese <strong>Mathieu van der Poel<\/strong> e il francese <strong>Warren Barguil<\/strong> tra i favoriti e venti squadre che si schiereranno quest&#8217;anno ad &#8220;A&#8221;, vicino alla punta dell&#8217;arcipelago, per una gara che si disputer\u00e0 in quattro tappe: le prime due adatte ai velocisti, la terza per scalatori, la quarta che si concluder\u00e0 domenica a Narvik. &#8220;Con le sue due vittorie al Tour oltre al successo nella classifica scalatori nel 2017, Warren Barguil, tra i primi 10 in assoluto quest&#8217;anno, \u00e8 chiaramente uno dei favoriti&#8221;, spiega il veterano <strong>Thor Hushovd,<\/strong> che ha vinto la prima edizione\u00a0 nel 2013. Quest\u2019anno la Artic race torna sulle isole Lofoten con un incredibile passaggio a Melbu, dove un osservatorio che ricorda quello che si trova sul Mont Ventoux, oltre a fare selezione su una salita con strappi fino al 12 per cento regaler\u00e0 una vista incredibile su tutto l&#8217;arcipelago. Quattro tappe: le prime con gli arrivi di Leknes e Svolvaer riservati ai velocisti che dovranno solo temere il vento che da queste parti \u00e8 pi\u00f9 che un insidia. Le altre, dopo il trasferimento trasferimento dalle Lofoten alle Vester\u00e5len, molto pi\u00f9 complicate e selettive con la salita a Melbu e l&#8217;arrivo a Sortland. Gran finale di a Narvik dopo sei salite per una frazione che si concluder\u00e0 con un circuito con la triplice scalata del Skistua Summit.<\/p>\n","protected":false},"excerpt":{"rendered":"<p><p>Pi\u00f9 a Nord di cos\u00ec non si pu\u00f2. E Pedalare sulle isole Lofoten in Norvegia al di l\u00e0 di vittorie, sconfitte, salite e discese deve&#8217;essere un&#8217;emozione incredibile da riportare a casa. Ma a Ferragosto ormai sta dieventando un classico. Parte domani la settima edizione della Artic Race la gara professionistica pi\u00f9 a Nord del mondo sul circolo polare artico. Parte con l&#8217;olandese Mathieu van der Poel e il francese Warren Barguil tra i favoriti e venti squadre che si schiereranno quest&#8217;anno ad &#8220;A&#8221;, vicino alla punta dell&#8217;arcipelago, per una gara che si disputer\u00e0 in quattro tappe: le prime due adatte [&hellip;]<\/p>\n&nbsp;&nbsp;<div class=\"readmore\"><a href=\"https:\/\/blog.ilgiornale.it\/ruzzo\/2019\/08\/14\/artic-race-la-corsa-di-ferragosto-a-nord-del-mondo\/\">Continua a leggere...<\/a><\/div><\/p>","protected":false},"author":956,"featured_media":0,"comment_status":"open","ping_status":"closed","sticky":false,"template":"","format":"standard","meta":[],"categories":[1],"tags":[],"_links":{"self":[{"href":"https:\/\/blog.ilgiornale.it\/ruzzo\/wp-json\/wp\/v2\/posts\/26549"}],"collection":[{"href":"https:\/\/blog.ilgiornale.it\/ruzzo\/wp-json\/wp\/v2\/posts"}],"about":[{"href":"https:\/\/blog.ilgiornale.it\/ruzzo\/wp-json\/wp\/v2\/types\/post"}],"author":[{"embeddable":true,"href":"https:\/\/blog.ilgiornale.it\/ruzzo\/wp-json\/wp\/v2\/users\/956"}],"replies":[{"embeddable":true,"href":"https:\/\/blog.ilgiornale.it\/ruzzo\/wp-json\/wp\/v2\/comments?post=26549"}],"version-history":[{"count":3,"href":"https:\/\/blog.ilgiornale.it\/ruzzo\/wp-json\/wp\/v2\/posts\/26549\/revisions"}],"predecessor-version":[{"id":26553,"href":"https:\/\/blog.ilgiornale.it\/ruzzo\/wp-json\/wp\/v2\/posts\/26549\/revisions\/26553"}],"wp:attachment":[{"href":"https:\/\/blog.ilgiornale.it\/ruzzo\/wp-json\/wp\/v2\/media?parent=26549"}],"wp:term":[{"taxonomy":"category","embeddable":true,"href":"https:\/\/blog.ilgiornale.it\/ruzzo\/wp-json\/wp\/v2\/categories?post=26549"},{"taxonomy":"post_tag","embeddable":true,"href":"https:\/\/blog.ilgiornale.it\/ruzzo\/wp-json\/wp\/v2\/tags?post=26549"}],"curies":[{"name":"wp","href":"https:\/\/api.w.org\/{rel}","templated":true}]}}