{"id":26554,"date":"2019-08-16T18:02:26","date_gmt":"2019-08-16T16:02:26","guid":{"rendered":"https:\/\/blog.ilgiornale.it\/ruzzo\/?p=26554"},"modified":"2019-08-16T18:02:26","modified_gmt":"2019-08-16T16:02:26","slug":"de-andre-racconta-il-ciclismo","status":"publish","type":"post","link":"https:\/\/blog.ilgiornale.it\/ruzzo\/2019\/08\/16\/de-andre-racconta-il-ciclismo\/","title":{"rendered":"De Andr\u00e8 racconta il ciclismo&#8230;"},"content":{"rendered":"<p><a href=\"https:\/\/blog.ilgiornale.it\/ruzzo\/files\/2019\/08\/de.jpg\"><img loading=\"lazy\" class=\"alignleft size-medium wp-image-26555\" src=\"https:\/\/blog.ilgiornale.it\/ruzzo\/files\/2019\/08\/de-300x107.jpg\" alt=\"de\" width=\"300\" height=\"107\" srcset=\"https:\/\/blog.ilgiornale.it\/ruzzo\/files\/2019\/08\/de-300x107.jpg 300w, https:\/\/blog.ilgiornale.it\/ruzzo\/files\/2019\/08\/de.jpg 881w\" sizes=\"(max-width: 300px) 100vw, 300px\" \/><\/a>Fino a poco tempo fa mai mi sarebbe passato per la testa di avvicinare <strong>Fabrizio De Andr\u00e8<\/strong> al ciclismo. Se\u00a0 non per per una sua intervista, credo al Corriere,\u00a0 anni fa (tanti) quando in occasione di un derby della Lanterna, lui genoano, rispondeva che la Sampdoria in realt\u00e0 non era una vera squadra di calcio perch\u00e8 la sua maglia era a strisce orizzontali, una maglia da ciclisti&#8230;Tutto qui. Manca De Andr\u00e8.\u00a0 In un mondo sempre pi\u00f9 veloce che liquida tutto\u00a0 in un tweet, mancano le sue parole, i suoi discorsi lunghi, le sue storie sbagliate, le direzioni ostinate e contrarie argine perfetto al qualunquismo e alla banalit\u00e0.\u00a0 Mancano anche i suoi eroi,\u00a0 emarginati e sconfitti raccontati e musicati senza secondi fini se non quello di vivere seguendo il rigore di un pensiero anarchico che oggi \u00e8 spesso merce di scambio. E cos\u00ec gli ultimi\u00a0 vengono tirati per la giacchetta e diventano\u00a0 l&#8217;immaginetta da spendere per chi vuole guadagnarsi un credito. Ma il ciclismo no. Col ciclismo De Andr\u00e8 non c&#8217;entra e (forse) neppure lo stesso Faber avrebbe mai sospettato di poterlo un giorno raccontare. E allora ci voleva qualcosa di &#8220;geniale&#8221; per celebrare un matrimonio che pare perfetto: &#8221;\u00a0Matrimoni per amore, matrimoni per forza\u00a0ne ho visti di ogni tipo, di gente d&#8217;ogni sorta\u00a0di poveri straccioni e di grandi signori\u00a0 di pretesi notai e di falsi professori..&#8221;. Per\u00f2\u00a0 questo mancava e la pagina Facebook <strong>&#8220;De Andr\u00e8 racconta il ciclismo&#8221;<\/strong> riempie un vuoto. Sembra follia raccontare uno sprint, una fuga, la fatica di una salita, la vittoria di un Giro della Fiandre o del Tour con un canzone di De Andr\u00e8. Sembra ma non lo \u00e8 perch\u00e8 c&#8217;\u00e8 sempre un suo testo che quasi per magia diventa la didascalia perfetta per una foto. Diventa ci\u00f2 che in tanti sapevano ma non avevano mai pensato. Che vale pi\u00f9 di qualsiasi cronaca, di qualsiasi articolo, di qualsiasi commento.\u00a0 Potenza infinita di un poeta che se n&#8217;\u00e8 andato ma \u00e8 rimasto qui.\u00a0 Colpo di genio\u00a0 di chi lo conosce cos\u00ec bene da saperlo riproporre anche laddove sembrava impossibile: &#8220;In un vortice di polvere gli altri vedevan siccit\u00e0&#8230;A me ricordava la gonna di Jenny in un ballo di tanti anni fa&#8230;&#8221;.<\/p>\n","protected":false},"excerpt":{"rendered":"<p><p>Fino a poco tempo fa mai mi sarebbe passato per la testa di avvicinare Fabrizio De Andr\u00e8 al ciclismo. Se\u00a0 non per per una sua intervista, credo al Corriere,\u00a0 anni fa (tanti) quando in occasione di un derby della Lanterna, lui genoano, rispondeva che la Sampdoria in realt\u00e0 non era una vera squadra di calcio perch\u00e8 la sua maglia era a strisce orizzontali, una maglia da ciclisti&#8230;Tutto qui. Manca De Andr\u00e8.\u00a0 In un mondo sempre pi\u00f9 veloce che liquida tutto\u00a0 in un tweet, mancano le sue parole, i suoi discorsi lunghi, le sue storie sbagliate, le direzioni ostinate e contrarie [&hellip;]<\/p>\n&nbsp;&nbsp;<div class=\"readmore\"><a href=\"https:\/\/blog.ilgiornale.it\/ruzzo\/2019\/08\/16\/de-andre-racconta-il-ciclismo\/\">Continua a leggere...<\/a><\/div><\/p>","protected":false},"author":956,"featured_media":0,"comment_status":"open","ping_status":"closed","sticky":false,"template":"","format":"standard","meta":[],"categories":[1],"tags":[],"_links":{"self":[{"href":"https:\/\/blog.ilgiornale.it\/ruzzo\/wp-json\/wp\/v2\/posts\/26554"}],"collection":[{"href":"https:\/\/blog.ilgiornale.it\/ruzzo\/wp-json\/wp\/v2\/posts"}],"about":[{"href":"https:\/\/blog.ilgiornale.it\/ruzzo\/wp-json\/wp\/v2\/types\/post"}],"author":[{"embeddable":true,"href":"https:\/\/blog.ilgiornale.it\/ruzzo\/wp-json\/wp\/v2\/users\/956"}],"replies":[{"embeddable":true,"href":"https:\/\/blog.ilgiornale.it\/ruzzo\/wp-json\/wp\/v2\/comments?post=26554"}],"version-history":[{"count":1,"href":"https:\/\/blog.ilgiornale.it\/ruzzo\/wp-json\/wp\/v2\/posts\/26554\/revisions"}],"predecessor-version":[{"id":26556,"href":"https:\/\/blog.ilgiornale.it\/ruzzo\/wp-json\/wp\/v2\/posts\/26554\/revisions\/26556"}],"wp:attachment":[{"href":"https:\/\/blog.ilgiornale.it\/ruzzo\/wp-json\/wp\/v2\/media?parent=26554"}],"wp:term":[{"taxonomy":"category","embeddable":true,"href":"https:\/\/blog.ilgiornale.it\/ruzzo\/wp-json\/wp\/v2\/categories?post=26554"},{"taxonomy":"post_tag","embeddable":true,"href":"https:\/\/blog.ilgiornale.it\/ruzzo\/wp-json\/wp\/v2\/tags?post=26554"}],"curies":[{"name":"wp","href":"https:\/\/api.w.org\/{rel}","templated":true}]}}