{"id":26565,"date":"2019-08-18T19:27:04","date_gmt":"2019-08-18T17:27:04","guid":{"rendered":"https:\/\/blog.ilgiornale.it\/ruzzo\/?p=26565"},"modified":"2019-08-18T20:22:59","modified_gmt":"2019-08-18T18:22:59","slug":"felice-non-era-uno-di-noi-per-cio-sara-amato-per-sempre","status":"publish","type":"post","link":"https:\/\/blog.ilgiornale.it\/ruzzo\/2019\/08\/18\/felice-non-era-uno-di-noi-per-cio-sara-amato-per-sempre\/","title":{"rendered":"Felice non era uno di noi (per ci\u00f2 sar\u00e0 amato per sempre)"},"content":{"rendered":"<p><a href=\"https:\/\/blog.ilgiornale.it\/ruzzo\/files\/2019\/08\/gim.jpg\"><img loading=\"lazy\" class=\"alignleft size-medium wp-image-26566\" src=\"https:\/\/blog.ilgiornale.it\/ruzzo\/files\/2019\/08\/gim-300x200.jpg\" alt=\"gim\" width=\"300\" height=\"200\" srcset=\"https:\/\/blog.ilgiornale.it\/ruzzo\/files\/2019\/08\/gim-300x200.jpg 300w, https:\/\/blog.ilgiornale.it\/ruzzo\/files\/2019\/08\/gim.jpg 960w\" sizes=\"(max-width: 300px) 100vw, 300px\" \/><\/a>Un&#8217;altra pasta. Un&#8217;altra generazione che oggi sembra la preistoria di un mondo che fu. Un altro mondo quello di <strong>Felice Gimondi<\/strong> che in queste ore sta tornando verso Paladina a 15 km da Bergamo dove marted\u00ec mattina alle 11 si celebreranno i funerali.\u00a0 Un pianeta il suo ormai\u00a0 spazzato via, alla stessa velocit\u00e0 di un tweet, con pochi caratteri perch\u00e8 ormai i concetti si esprimono in breve, non c&#8217;\u00e8 pi\u00f9 la pazienza per argomentare. Non ci sono pi\u00f9 le sue bici,\u00a0 le maglie, i corridori che correvano per un tozzo di pane. Non ci sono pi\u00f9 quelle facce l\u00ec,\u00a0 piene di rughe, imperfette, affaticate e struggenti nella loro semplicit\u00e0. Non c&#8217;\u00e8 pi\u00f9 la storia di un ciclismo che riempiva le case, le metteva a tavola insieme davanti a un televisore, che dava un senso alle giornate di paesini dimenticati dove per un anno non succedeva nulla e allora si aspettava solo la corsa. Felice non era uno di noi. Non oggi. Non in un mondo dove lo sport \u00e8 di un&#8217;altra dimensione, un&#8217;altra galassia. Dove Sagan e compagni (non tutti in verit\u00e0)\u00a0 hanno contratti da 5 sei milioni l&#8217;anno, dove i denari decidono corse, tracciati e\u00a0 arrivi, dove spesso conta pi\u00f9 il look delle gambe. Ma non \u00e8 cambiato solo il ciclismo. Felice non era uno di noi perch\u00e8 il suo mondo con quello di oggi ha poco o nulla a che spartire. Non valgono pi\u00f9 le parole, le strette di mano, la pacatezza e l&#8217;educazione. Vale tutto e il contrario di tutto. Va avanti chi strepita, chi urla pi\u00f9 forte, chi insulta, chi si esibisce. Non vale pi\u00f9 la fatica, valgono le scorciatoie. Vale pi\u00f9 un grande fratello qualsiasi o l&#8217;approdo su una delle tante isole che ci siamo inventati che non\u00a0 il lavoro, l&#8217;applicazione , la seriet\u00e0. Ed \u00e8 talmente tutto vero che sembra quasi banale. Felice Gimondi, nel suo fantastico pragmatismo orobico, era esattamente il contrario di tutto ci\u00f2. Lontano, antico, fuori da un tempo che non c&#8217;\u00e8 pi\u00f9 e che pi\u00f9 di qualcuno rimpiange. Felice non era uno di noi e\u00a0 per questo sar\u00e0 per sempre cos\u00ec&#8217; amato.<\/p>\n","protected":false},"excerpt":{"rendered":"<p><p>Un&#8217;altra pasta. Un&#8217;altra generazione che oggi sembra la preistoria di un mondo che fu. Un altro mondo quello di Felice Gimondi che in queste ore sta tornando verso Paladina a 15 km da Bergamo dove marted\u00ec mattina alle 11 si celebreranno i funerali.\u00a0 Un pianeta il suo ormai\u00a0 spazzato via, alla stessa velocit\u00e0 di un tweet, con pochi caratteri perch\u00e8 ormai i concetti si esprimono in breve, non c&#8217;\u00e8 pi\u00f9 la pazienza per argomentare. Non ci sono pi\u00f9 le sue bici,\u00a0 le maglie, i corridori che correvano per un tozzo di pane. Non ci sono pi\u00f9 quelle facce l\u00ec,\u00a0 piene [&hellip;]<\/p>\n&nbsp;&nbsp;<div class=\"readmore\"><a href=\"https:\/\/blog.ilgiornale.it\/ruzzo\/2019\/08\/18\/felice-non-era-uno-di-noi-per-cio-sara-amato-per-sempre\/\">Continua a leggere...<\/a><\/div><\/p>","protected":false},"author":956,"featured_media":0,"comment_status":"open","ping_status":"closed","sticky":false,"template":"","format":"standard","meta":[],"categories":[1],"tags":[],"_links":{"self":[{"href":"https:\/\/blog.ilgiornale.it\/ruzzo\/wp-json\/wp\/v2\/posts\/26565"}],"collection":[{"href":"https:\/\/blog.ilgiornale.it\/ruzzo\/wp-json\/wp\/v2\/posts"}],"about":[{"href":"https:\/\/blog.ilgiornale.it\/ruzzo\/wp-json\/wp\/v2\/types\/post"}],"author":[{"embeddable":true,"href":"https:\/\/blog.ilgiornale.it\/ruzzo\/wp-json\/wp\/v2\/users\/956"}],"replies":[{"embeddable":true,"href":"https:\/\/blog.ilgiornale.it\/ruzzo\/wp-json\/wp\/v2\/comments?post=26565"}],"version-history":[{"count":3,"href":"https:\/\/blog.ilgiornale.it\/ruzzo\/wp-json\/wp\/v2\/posts\/26565\/revisions"}],"predecessor-version":[{"id":26569,"href":"https:\/\/blog.ilgiornale.it\/ruzzo\/wp-json\/wp\/v2\/posts\/26565\/revisions\/26569"}],"wp:attachment":[{"href":"https:\/\/blog.ilgiornale.it\/ruzzo\/wp-json\/wp\/v2\/media?parent=26565"}],"wp:term":[{"taxonomy":"category","embeddable":true,"href":"https:\/\/blog.ilgiornale.it\/ruzzo\/wp-json\/wp\/v2\/categories?post=26565"},{"taxonomy":"post_tag","embeddable":true,"href":"https:\/\/blog.ilgiornale.it\/ruzzo\/wp-json\/wp\/v2\/tags?post=26565"}],"curies":[{"name":"wp","href":"https:\/\/api.w.org\/{rel}","templated":true}]}}