{"id":26572,"date":"2019-08-19T19:15:56","date_gmt":"2019-08-19T17:15:56","guid":{"rendered":"https:\/\/blog.ilgiornale.it\/ruzzo\/?p=26572"},"modified":"2019-08-19T19:15:56","modified_gmt":"2019-08-19T17:15:56","slug":"e-cieco-scalera-il-bianco","status":"publish","type":"post","link":"https:\/\/blog.ilgiornale.it\/ruzzo\/2019\/08\/19\/e-cieco-scalera-il-bianco\/","title":{"rendered":"E&#8217; cieco: scaler\u00e0 il Bianco"},"content":{"rendered":"<p><a href=\"https:\/\/blog.ilgiornale.it\/ruzzo\/files\/2019\/08\/lab.jpg\"><img loading=\"lazy\" class=\"alignleft size-medium wp-image-26573\" src=\"https:\/\/blog.ilgiornale.it\/ruzzo\/files\/2019\/08\/lab-300x300.jpg\" alt=\"lab\" width=\"300\" height=\"300\" srcset=\"https:\/\/blog.ilgiornale.it\/ruzzo\/files\/2019\/08\/lab-300x300.jpg 300w, https:\/\/blog.ilgiornale.it\/ruzzo\/files\/2019\/08\/lab-150x150.jpg 150w, https:\/\/blog.ilgiornale.it\/ruzzo\/files\/2019\/08\/lab.jpg 568w\" sizes=\"(max-width: 300px) 100vw, 300px\" \/><\/a>Salir\u00e0 sul Monte Bianco ad occhi chiusi ma non per scelta, non per aggiungere difficolt\u00e0 a\u00a0 difficolt\u00e0, non per farsi notare. Salir\u00e0 sul Bianco ad occhi chiusi perch\u00e8 <strong>David Labarre<\/strong>, 31 anni, alpinista di Tolosa, \u00e8 cieco dalla nascita a causa di una retinite pigmentosa. Partir\u00e0 a fine mese perch\u00e8 lo sport \u00e8 la sua vita e perch\u00e8 non hai mai voluto rinunciare alle sfide e all&#8217;avventura diventando anche campione di calcio paralimpico e testimonial di molte iniziative benefiche rivolte ai bambini ricoverati per incoraggiarli nella guarigione. Il francese ha gi\u00e0 alle spalle diversi record: nel giugno 2018 ha scalato in 6 ore 45 il picco di Aneto, vetta dei Pirenei a 3404 metri, mentre lo scorso inverno ha fatto un trekking in solitario di 213 chilometri tra Carcassone e Aspet oltre ad aver scalato diversi edifici urbani. Ora tocca al tetto d\u2019Europa, il Monte Bianco, a 4809 metri e subito dopo il monte Albaron in Savoia sulle Alpi Graie (3637 metri) per realizzare un documentario che verr\u00e0 ritrasmesso durante\u00a0 la\u00a0<span style=\"color: #000000\">maratona<\/span> televisiva Telethon\u00a0 che raccoglier\u00e0 fondi per la ricerca sulla distrofia muscolare.\u00a0\u00a0La partenza della spedizione \u00e8 prevista per il 31 agosto con la scalata stabilita per il 7 settembre all\u2019una di notte e l\u2019arrivo programmato alle 9.30 di mattina. Labarre sar\u00e0 accompagnato da due guide, un giornalista e due videomaker, che documenteranno la sua impresa e l\u2019effetto del riscaldamento globale sulle vette. Nel frattempo una start up sta sviluppando un Gps per non vedenti per consentirgli di spostarsi in tutta autonomia, senza dover portare con s\u00e8 le mappe in lingua braille. Si tratta di due bracciali che ad ogni crocevia vibreranno a destra o a sinistra per indicare al campione l\u2019itinerario da seguire. Nel 2020 ha gi\u00e0 in agenda due mesi di trekking sui Pirenei e niente meno che il Nepal con una vetta dell\u2019Himalaya a 7500 metri. Ma ora tocca al Bianco. Per allenarsi Labarre ha trascorso diverse ore al giorno in palestra, con esercizi di potenziamento muscolare, e, con sorpresa dei suoi vicini di casa, anche facendo su e gi\u00f9 dalle scale del suo palazzo. \u00abSalivo e scendevo i miei quattro piani 20 volte di seguito con un peso di 10 chili sulla schiena- ha raccontato a Le Parisien- E ci\u00f2 mi ha permesso di migliorare il mio livello di vigilanza e la mia concentrazione in condizione di stanchezza. Comunque in montagna\u00a0 il mio corpo sar\u00e0\u00a0 sempre in una guaina di sicurezza poich\u00e8 non vedo dove metto i piedi\u00bb.<\/p>\n","protected":false},"excerpt":{"rendered":"<p><p>Salir\u00e0 sul Monte Bianco ad occhi chiusi ma non per scelta, non per aggiungere difficolt\u00e0 a\u00a0 difficolt\u00e0, non per farsi notare. Salir\u00e0 sul Bianco ad occhi chiusi perch\u00e8 David Labarre, 31 anni, alpinista di Tolosa, \u00e8 cieco dalla nascita a causa di una retinite pigmentosa. Partir\u00e0 a fine mese perch\u00e8 lo sport \u00e8 la sua vita e perch\u00e8 non hai mai voluto rinunciare alle sfide e all&#8217;avventura diventando anche campione di calcio paralimpico e testimonial di molte iniziative benefiche rivolte ai bambini ricoverati per incoraggiarli nella guarigione. Il francese ha gi\u00e0 alle spalle diversi record: nel giugno 2018 ha scalato [&hellip;]<\/p>\n&nbsp;&nbsp;<div class=\"readmore\"><a href=\"https:\/\/blog.ilgiornale.it\/ruzzo\/2019\/08\/19\/e-cieco-scalera-il-bianco\/\">Continua a leggere...<\/a><\/div><\/p>","protected":false},"author":956,"featured_media":0,"comment_status":"open","ping_status":"closed","sticky":false,"template":"","format":"standard","meta":[],"categories":[1],"tags":[],"_links":{"self":[{"href":"https:\/\/blog.ilgiornale.it\/ruzzo\/wp-json\/wp\/v2\/posts\/26572"}],"collection":[{"href":"https:\/\/blog.ilgiornale.it\/ruzzo\/wp-json\/wp\/v2\/posts"}],"about":[{"href":"https:\/\/blog.ilgiornale.it\/ruzzo\/wp-json\/wp\/v2\/types\/post"}],"author":[{"embeddable":true,"href":"https:\/\/blog.ilgiornale.it\/ruzzo\/wp-json\/wp\/v2\/users\/956"}],"replies":[{"embeddable":true,"href":"https:\/\/blog.ilgiornale.it\/ruzzo\/wp-json\/wp\/v2\/comments?post=26572"}],"version-history":[{"count":1,"href":"https:\/\/blog.ilgiornale.it\/ruzzo\/wp-json\/wp\/v2\/posts\/26572\/revisions"}],"predecessor-version":[{"id":26574,"href":"https:\/\/blog.ilgiornale.it\/ruzzo\/wp-json\/wp\/v2\/posts\/26572\/revisions\/26574"}],"wp:attachment":[{"href":"https:\/\/blog.ilgiornale.it\/ruzzo\/wp-json\/wp\/v2\/media?parent=26572"}],"wp:term":[{"taxonomy":"category","embeddable":true,"href":"https:\/\/blog.ilgiornale.it\/ruzzo\/wp-json\/wp\/v2\/categories?post=26572"},{"taxonomy":"post_tag","embeddable":true,"href":"https:\/\/blog.ilgiornale.it\/ruzzo\/wp-json\/wp\/v2\/tags?post=26572"}],"curies":[{"name":"wp","href":"https:\/\/api.w.org\/{rel}","templated":true}]}}