{"id":26604,"date":"2019-08-24T18:38:03","date_gmt":"2019-08-24T16:38:03","guid":{"rendered":"https:\/\/blog.ilgiornale.it\/ruzzo\/?p=26604"},"modified":"2019-08-24T18:38:03","modified_gmt":"2019-08-24T16:38:03","slug":"petacchi-e-linutilita-dellantidoping-che-indaga-nel-passato","status":"publish","type":"post","link":"https:\/\/blog.ilgiornale.it\/ruzzo\/2019\/08\/24\/petacchi-e-linutilita-dellantidoping-che-indaga-nel-passato\/","title":{"rendered":"Petacchi \u00e8 l&#8217;inutilit\u00e0 dell&#8217;antidoping che indaga nel passato"},"content":{"rendered":"<p><strong><a href=\"https:\/\/blog.ilgiornale.it\/ruzzo\/files\/2019\/08\/peta.jpg\"><img loading=\"lazy\" class=\"alignright size-medium wp-image-26605\" src=\"https:\/\/blog.ilgiornale.it\/ruzzo\/files\/2019\/08\/peta-300x225.jpg\" alt=\"peta\" width=\"300\" height=\"225\" srcset=\"https:\/\/blog.ilgiornale.it\/ruzzo\/files\/2019\/08\/peta-300x225.jpg 300w, https:\/\/blog.ilgiornale.it\/ruzzo\/files\/2019\/08\/peta.jpg 656w\" sizes=\"(max-width: 300px) 100vw, 300px\" \/><\/a>Alessandro\u00a0<span style=\"color: #000000\">Petacchi<\/span><\/strong> \u00e8 stato inibito fino al 14 maggio 2021 dall&#8217;Uci. Lo ha annunciato la stessa Unione ciclistica internazionale con una nota pubblicata sul proprio sito ufficiale. Il 45enne spezino, ritiratosi ormai da 4 anni, avrebbe\u00a0 violato le regole antidoping nel periodo compreso fra il 2012 e il 2013, quando correva per la Lampre e per l&#8217;Omega Pharma-Quick Step. Come altri colleghi, era stato\u00a0coinvolto nell\u2019operazione &#8220;Aderlass&#8221;\u00a0ed era stato sospeso:\u00a0 ora le informazioni provenienti dall\u2019Austria, raccolte e analizzate dall&#8217;associazione, hanno portato alla squalifica sino al 14 maggio 2021 per \u00abuso di metodi-sostanze vietati\u00bb. Il ciclista spezzino ha sempre rigettato le accuse, dichiarando nel maggio scorso che \u00abnon ho mai fatto una trasfusione di sangue,\u00a0non ho idea del perch\u00e9\u00a0il mio nome appaia nel dossier dell\u2019Uci\u00bb. Ma forse poco importa. Poco importa perch\u00e8 viene naturale chiedersi a cosa serva indagare, accertare e alla fine squalificare un atleta che ormai non gareggia pi\u00f9 da anni se non, come \u00e8 successo con la Rai, a fargli perdere un contratto di lavoro.\u00a0 E allora vine da pensare che in un mondo dove sempre pi\u00f9 si twitta e si condivide valgano ancora i proverbi come quello che spiegava (e spiega) che \u201csi chiudono sempre le stalle quando i buoi sono scappati\u201d. E cos\u00ec funziona l\u2019antidoping da noi e non solo da noi. Si fa sempre tutto dopo. S\u2019indaga dopo, si interrogano i testimoni dopo,\u00a0 si condanna dopo e ci si indigna dopo. \u00a0Che senso ha? E\u2019 l\u2019ipocrisia dell\u2019antidoping che pretende di sconfiggere il doping indagando a ritroso. Che s\u2019illude cos\u00ec di arginare un fenomeno che fa parte dello sport &#8220;hic et nunc&#8221; e ora e adesso bisognerebbe cercare di scovarlo investendo energie e denari. Pescare qualche bel nome del passato e infilarlo in un&#8217;inchiesta serve solo a far s\u00ec che quell&#8217;inchiesta finisca in vetrina e se ne parli. Serve solo a far sapere al mondo che qualcuno indaga e che qualcun esiste. Ma in realt\u00e0 non serve quasi a niente&#8230;<\/p>\n","protected":false},"excerpt":{"rendered":"<p><p>Alessandro\u00a0Petacchi \u00e8 stato inibito fino al 14 maggio 2021 dall&#8217;Uci. Lo ha annunciato la stessa Unione ciclistica internazionale con una nota pubblicata sul proprio sito ufficiale. Il 45enne spezino, ritiratosi ormai da 4 anni, avrebbe\u00a0 violato le regole antidoping nel periodo compreso fra il 2012 e il 2013, quando correva per la Lampre e per l&#8217;Omega Pharma-Quick Step. Come altri colleghi, era stato\u00a0coinvolto nell\u2019operazione &#8220;Aderlass&#8221;\u00a0ed era stato sospeso:\u00a0 ora le informazioni provenienti dall\u2019Austria, raccolte e analizzate dall&#8217;associazione, hanno portato alla squalifica sino al 14 maggio 2021 per \u00abuso di metodi-sostanze vietati\u00bb. Il ciclista spezzino ha sempre rigettato le accuse, dichiarando [&hellip;]<\/p>\n&nbsp;&nbsp;<div class=\"readmore\"><a href=\"https:\/\/blog.ilgiornale.it\/ruzzo\/2019\/08\/24\/petacchi-e-linutilita-dellantidoping-che-indaga-nel-passato\/\">Continua a leggere...<\/a><\/div><\/p>","protected":false},"author":956,"featured_media":0,"comment_status":"open","ping_status":"closed","sticky":false,"template":"","format":"standard","meta":[],"categories":[1],"tags":[],"_links":{"self":[{"href":"https:\/\/blog.ilgiornale.it\/ruzzo\/wp-json\/wp\/v2\/posts\/26604"}],"collection":[{"href":"https:\/\/blog.ilgiornale.it\/ruzzo\/wp-json\/wp\/v2\/posts"}],"about":[{"href":"https:\/\/blog.ilgiornale.it\/ruzzo\/wp-json\/wp\/v2\/types\/post"}],"author":[{"embeddable":true,"href":"https:\/\/blog.ilgiornale.it\/ruzzo\/wp-json\/wp\/v2\/users\/956"}],"replies":[{"embeddable":true,"href":"https:\/\/blog.ilgiornale.it\/ruzzo\/wp-json\/wp\/v2\/comments?post=26604"}],"version-history":[{"count":1,"href":"https:\/\/blog.ilgiornale.it\/ruzzo\/wp-json\/wp\/v2\/posts\/26604\/revisions"}],"predecessor-version":[{"id":26606,"href":"https:\/\/blog.ilgiornale.it\/ruzzo\/wp-json\/wp\/v2\/posts\/26604\/revisions\/26606"}],"wp:attachment":[{"href":"https:\/\/blog.ilgiornale.it\/ruzzo\/wp-json\/wp\/v2\/media?parent=26604"}],"wp:term":[{"taxonomy":"category","embeddable":true,"href":"https:\/\/blog.ilgiornale.it\/ruzzo\/wp-json\/wp\/v2\/categories?post=26604"},{"taxonomy":"post_tag","embeddable":true,"href":"https:\/\/blog.ilgiornale.it\/ruzzo\/wp-json\/wp\/v2\/tags?post=26604"}],"curies":[{"name":"wp","href":"https:\/\/api.w.org\/{rel}","templated":true}]}}