{"id":26618,"date":"2019-08-28T20:16:34","date_gmt":"2019-08-28T18:16:34","guid":{"rendered":"https:\/\/blog.ilgiornale.it\/ruzzo\/?p=26618"},"modified":"2019-08-28T20:16:34","modified_gmt":"2019-08-28T18:16:34","slug":"losanna-il-triathlon-incorona-i-suoi-re","status":"publish","type":"post","link":"https:\/\/blog.ilgiornale.it\/ruzzo\/2019\/08\/28\/losanna-il-triathlon-incorona-i-suoi-re\/","title":{"rendered":"Losanna, il triathlon incorona i suoi re"},"content":{"rendered":"<p><a href=\"https:\/\/blog.ilgiornale.it\/ruzzo\/files\/2019\/08\/los.jpg\"><img loading=\"lazy\" class=\"alignleft size-medium wp-image-26619\" src=\"https:\/\/blog.ilgiornale.it\/ruzzo\/files\/2019\/08\/los-300x217.jpg\" alt=\"los\" width=\"300\" height=\"217\" srcset=\"https:\/\/blog.ilgiornale.it\/ruzzo\/files\/2019\/08\/los-300x217.jpg 300w, https:\/\/blog.ilgiornale.it\/ruzzo\/files\/2019\/08\/los-1024x739.jpg 1024w, https:\/\/blog.ilgiornale.it\/ruzzo\/files\/2019\/08\/los.jpg 1720w\" sizes=\"(max-width: 300px) 100vw, 300px\" \/><\/a>\u201cNon abbiamo atleti in lizza per il titolo ma il nostro obiettivo \u00e8 sempre quello della top-8, stavolta confrontandosi con tutti i migliori atleti del mondo&#8221;. <strong>Joel\u00a0 Filliol,<\/strong> olympic performer director della nazionale azzurra\u00a0 di triathlon guarda con fiducia l&#8217;orizzonte svizzero di Losanna dove venerd\u00ec, sabato e domenica si svolgeranno le finali della World\u00a0\u00a0<span style=\"color: #000000\">Triathlon<\/span> Series 2019 che assegner\u00e0 le corone iridate\u00a0<span style=\"color: #000000\">ad \u00e8lite,<\/span>\u00a0Junior , Under 23 e paratleti oltre a prevedere due prove riservate agli Age Group. Tre giorni per giocarsela, non per vincere, ma per capire\u00a0 punto \u00e8 il lavoro di avvicinamento ai Giochi di Tokyo: &#8221; Noi arriviamo a questo mondiale\u00a0 dopo un incoraggiante Test Event a Tokyo &#8211; continua il direttore tecnico azzurro- Con prove\u00a0 che hanno dato segnali positivi sia per quanto riguarda la squadra con il miglior piazzamento di sempre nella Mixed Relay sia da quello individuale&#8230;&#8221;\u00a0 L&#8217;impegnativo tracciato svizzero \u00e8 il terreno perfetto per valutare a che punto siamo:\u00a0 &#8221; La Grand Final\u00a0per i nostri atleti \u00e8 l&#8217;occasione di affrontare la sfida mondiale nella competizione pi\u00f9 tirata della stagione\u2013 continua <strong>Filliol<\/strong>\u2013\u00a0 Negli ultimi tre anni gli atleti sono cresciuti,\u00a0 si sono adattati ad un ambiente che offre loro\u00a0 maggiore autonomia e libert\u00e0 elevando la responsabilit\u00e0 personale: questo ha portato ad una maggiore consapevolezza oltre ad una vera apertura verso ci\u00f2 che sono gli standard mondiali&#8221;. Tre giorni per una prova del nove e per verificare sul campo se questa \u00e8 la strada\u00a0 giusta. Tra gli \u00e8lite in gara maschile ci saranno <strong>Alessandro Fabian<\/strong> (Trif Dream) e\u00a0<strong>Davide Uccellari<\/strong> (G.S. Fiamme Azzurre) mentre tra le donne toccher\u00e0 ad <strong>Alice Betto<\/strong> (G.S. Fiamme Oro), <strong>Anna Maria Mazzetti<\/strong> (G.S. Fiamme Oro) e <strong>Verena Steinhauser<\/strong> (G.S. Fiamme Oro) a tenere alti i colori azzurri. Tra gli Junior invece occhi puntati su <strong>Alessio Crociani<\/strong> (Triathlon Team Riccione), <strong>Beatrice Mallozzi<\/strong> (G.S. Fiamme Azzurre) e <strong>Costanza Arpinelli<\/strong> (Minerva Roma).\u00a0 La prova iridata di Losanna rappresenta per\u00f2 anche un passaggio chiave nella stagione 2019 del Paratriathlon italiano in chiave paralimpica: .\u00a0\u201cIl mondiale \u00e8 una tappa molto importante nel percorso di qualifica\u00a0&#8211; sottolinea il direttore tecnico\u00a0<strong>Mattia Cambi<\/strong>\u00a0&#8211;\u00a0questo sar\u00e0 l&#8217;evento che assegner\u00e0 pi\u00f9 punti in assoluto rispetto alle World Paratriathlon Series e le Paratriathlon World Cup nei 12 mesi di qualificazione olimpica ed essere presenti a questo appuntamento con sei atleti \u00e8 un aspetto che ci carica moralmente&#8221;. Tra i nostri in gara ci saranno\u00a0<strong>Giovanni Achenza<\/strong> (G.S. Fiamme Azzurre) Pier <strong>Alberto Buccoliero<\/strong> (Firenze Triathlon) ,<strong>Rita Cuccuru<\/strong> (Woman Triathlon Italia), <strong>Veronica Yoko Plebani<\/strong> (707),\u00a0 <strong>Anna Barbaro<\/strong> (Woman Triathlon Italia) guidata da\u00a0 <strong>Charlotte Bonin<\/strong> (G.S. Fiamme Azzurre), <strong>Federico Sicura<\/strong> (Zerotrenta Triathlon) guidato da\u00a0 <strong>Daniel Hofer<\/strong> (Venus Fitness &amp; Wellness)<\/p>\n","protected":false},"excerpt":{"rendered":"<p><p>\u201cNon abbiamo atleti in lizza per il titolo ma il nostro obiettivo \u00e8 sempre quello della top-8, stavolta confrontandosi con tutti i migliori atleti del mondo&#8221;. Joel\u00a0 Filliol, olympic performer director della nazionale azzurra\u00a0 di triathlon guarda con fiducia l&#8217;orizzonte svizzero di Losanna dove venerd\u00ec, sabato e domenica si svolgeranno le finali della World\u00a0\u00a0Triathlon Series 2019 che assegner\u00e0 le corone iridate\u00a0ad \u00e8lite,\u00a0Junior , Under 23 e paratleti oltre a prevedere due prove riservate agli Age Group. Tre giorni per giocarsela, non per vincere, ma per capire\u00a0 punto \u00e8 il lavoro di avvicinamento ai Giochi di Tokyo: &#8221; Noi arriviamo a [&hellip;]<\/p>\n&nbsp;&nbsp;<div class=\"readmore\"><a href=\"https:\/\/blog.ilgiornale.it\/ruzzo\/2019\/08\/28\/losanna-il-triathlon-incorona-i-suoi-re\/\">Continua a leggere...<\/a><\/div><\/p>","protected":false},"author":956,"featured_media":0,"comment_status":"open","ping_status":"closed","sticky":false,"template":"","format":"standard","meta":[],"categories":[1],"tags":[],"_links":{"self":[{"href":"https:\/\/blog.ilgiornale.it\/ruzzo\/wp-json\/wp\/v2\/posts\/26618"}],"collection":[{"href":"https:\/\/blog.ilgiornale.it\/ruzzo\/wp-json\/wp\/v2\/posts"}],"about":[{"href":"https:\/\/blog.ilgiornale.it\/ruzzo\/wp-json\/wp\/v2\/types\/post"}],"author":[{"embeddable":true,"href":"https:\/\/blog.ilgiornale.it\/ruzzo\/wp-json\/wp\/v2\/users\/956"}],"replies":[{"embeddable":true,"href":"https:\/\/blog.ilgiornale.it\/ruzzo\/wp-json\/wp\/v2\/comments?post=26618"}],"version-history":[{"count":1,"href":"https:\/\/blog.ilgiornale.it\/ruzzo\/wp-json\/wp\/v2\/posts\/26618\/revisions"}],"predecessor-version":[{"id":26620,"href":"https:\/\/blog.ilgiornale.it\/ruzzo\/wp-json\/wp\/v2\/posts\/26618\/revisions\/26620"}],"wp:attachment":[{"href":"https:\/\/blog.ilgiornale.it\/ruzzo\/wp-json\/wp\/v2\/media?parent=26618"}],"wp:term":[{"taxonomy":"category","embeddable":true,"href":"https:\/\/blog.ilgiornale.it\/ruzzo\/wp-json\/wp\/v2\/categories?post=26618"},{"taxonomy":"post_tag","embeddable":true,"href":"https:\/\/blog.ilgiornale.it\/ruzzo\/wp-json\/wp\/v2\/tags?post=26618"}],"curies":[{"name":"wp","href":"https:\/\/api.w.org\/{rel}","templated":true}]}}