{"id":26623,"date":"2019-08-29T18:20:33","date_gmt":"2019-08-29T16:20:33","guid":{"rendered":"https:\/\/blog.ilgiornale.it\/ruzzo\/?p=26623"},"modified":"2019-08-29T18:20:33","modified_gmt":"2019-08-29T16:20:33","slug":"la-prosecco-vale-un-mondiale","status":"publish","type":"post","link":"https:\/\/blog.ilgiornale.it\/ruzzo\/2019\/08\/29\/la-prosecco-vale-un-mondiale\/","title":{"rendered":"La &#8220;Prosecco&#8221; vale un mondiale"},"content":{"rendered":"<p><a href=\"https:\/\/blog.ilgiornale.it\/ruzzo\/files\/2019\/08\/pro.jpg\"><img loading=\"lazy\" class=\"alignright size-medium wp-image-26624\" src=\"https:\/\/blog.ilgiornale.it\/ruzzo\/files\/2019\/08\/pro-300x151.jpg\" alt=\"pro\" width=\"300\" height=\"151\" srcset=\"https:\/\/blog.ilgiornale.it\/ruzzo\/files\/2019\/08\/pro-300x151.jpg 300w, https:\/\/blog.ilgiornale.it\/ruzzo\/files\/2019\/08\/pro-1024x514.jpg 1024w, https:\/\/blog.ilgiornale.it\/ruzzo\/files\/2019\/08\/pro.jpg 1337w\" sizes=\"(max-width: 300px) 100vw, 300px\" \/><\/a>Sul podio si stapper\u00e0 Prosecco, perch\u00e8 un mondiale \u00e8 sempre un mondiale, soprattutto se si corre sulle colline di Conegliano e di Valdobbiadene. Toccher\u00e0 ai giornalisti giocarsela. Ventesima edizione di una prova in linea che regala sorrisi e gloria e che coinvolger\u00e0 pi\u00f9 di duecento giornalisti provenienti da una ventina di Paesi. Sfida nella sfida che si correr\u00e0 il 29 settembre in occasione della <strong>Prosecco Cycling,<\/strong> granfondo da migliaia di iscritti che\u00a0 internazionale lo \u00e8 da sempre ma che quest&#8217;anno, per un motivo in pi\u00f9, finir\u00e0 tra le notizie da raccontare.\u00a0\u00a0\u00abI Campionati del Mondo di Ciclismo per Giornalisti \u2013 dichiara <strong>Luciano Fregonese,<\/strong> sindaco di Valdobbiadene &#8211; andranno\u00a0 ad arricchire un grande evento che, grazie alla bicicletta, da sempre parla di enogastronomia e rispetto dell\u2019ambiente, di solidariet\u00e0 e promozione del territorio. La Prosecco Cycling \u00e8 un ottimo biglietto da visita per l\u2019area storica della Docg e, grazie ad essa, duecento giornalisti con la passione per la bicicletta potranno apprezzare e valorizzare al meglio la specificit\u00e0 delle colline di Conegliano e Valdobbiadene, appena riconosciute dall&#8217;Unesco Patrimonio dell&#8217;Umanit\u00e0\u00bb.\u00a0 E al\u00a0di l\u00e0 del fatto sportivo, i\u00a0Campionati del Mondo di Ciclismo per Giornalisti costituiranno una grande occasione di promozione per le colline di Conegliano e Valdobbiadene. E questo, proprio nell\u2019anno in cui la Prosecco Cycling, lungo i suoi 98,4 chilometri di corsa, unir\u00e0 idealmente per la prima volta le due capitali della Docg: Valdobbiadene, tradizionale citt\u00e0 di partenza e d\u2019arrivo dell\u2019evento, e Conegliano, che offrir\u00e0 ai ciclisti il suggestivo attraversamento del centro storico, con passaggio lungo Via XX Settembre e in Piazza Cima.\u00a0\u00abL\u2019Unesco ha premiato il paesaggio delle colline di Conegliano e Valdobbiadene con un riconoscimento che detter\u00e0 un cambiamento epocale &#8211; commenta <strong>Massimo Stefani,<\/strong> \u201cMister Prosecco Cycling\u201d -. Non c\u2019\u00e8 sistema migliore per cogliere l\u2019essenza di un territorio, che percorrerlo in bici. Le due ruote sono il simbolo di una mobilit\u00e0 lenta, silenziosa, sostenibile e rispettosa dell\u2019ambiente. Duecento giornalisti, provenienti da tutto il mondo, insieme ai duemila partecipanti alla Prosecco Cycling, saranno i migliori ambasciatori della specificit\u00e0 del territorio che ha appena meritato il riconoscimento dell\u2019Unesco\u00bb.<\/p>\n","protected":false},"excerpt":{"rendered":"<p><p>Sul podio si stapper\u00e0 Prosecco, perch\u00e8 un mondiale \u00e8 sempre un mondiale, soprattutto se si corre sulle colline di Conegliano e di Valdobbiadene. Toccher\u00e0 ai giornalisti giocarsela. Ventesima edizione di una prova in linea che regala sorrisi e gloria e che coinvolger\u00e0 pi\u00f9 di duecento giornalisti provenienti da una ventina di Paesi. Sfida nella sfida che si correr\u00e0 il 29 settembre in occasione della Prosecco Cycling, granfondo da migliaia di iscritti che\u00a0 internazionale lo \u00e8 da sempre ma che quest&#8217;anno, per un motivo in pi\u00f9, finir\u00e0 tra le notizie da raccontare.\u00a0\u00a0\u00abI Campionati del Mondo di Ciclismo per Giornalisti \u2013 dichiara [&hellip;]<\/p>\n&nbsp;&nbsp;<div class=\"readmore\"><a href=\"https:\/\/blog.ilgiornale.it\/ruzzo\/2019\/08\/29\/la-prosecco-vale-un-mondiale\/\">Continua a leggere...<\/a><\/div><\/p>","protected":false},"author":956,"featured_media":0,"comment_status":"open","ping_status":"closed","sticky":false,"template":"","format":"standard","meta":[],"categories":[1],"tags":[],"_links":{"self":[{"href":"https:\/\/blog.ilgiornale.it\/ruzzo\/wp-json\/wp\/v2\/posts\/26623"}],"collection":[{"href":"https:\/\/blog.ilgiornale.it\/ruzzo\/wp-json\/wp\/v2\/posts"}],"about":[{"href":"https:\/\/blog.ilgiornale.it\/ruzzo\/wp-json\/wp\/v2\/types\/post"}],"author":[{"embeddable":true,"href":"https:\/\/blog.ilgiornale.it\/ruzzo\/wp-json\/wp\/v2\/users\/956"}],"replies":[{"embeddable":true,"href":"https:\/\/blog.ilgiornale.it\/ruzzo\/wp-json\/wp\/v2\/comments?post=26623"}],"version-history":[{"count":1,"href":"https:\/\/blog.ilgiornale.it\/ruzzo\/wp-json\/wp\/v2\/posts\/26623\/revisions"}],"predecessor-version":[{"id":26625,"href":"https:\/\/blog.ilgiornale.it\/ruzzo\/wp-json\/wp\/v2\/posts\/26623\/revisions\/26625"}],"wp:attachment":[{"href":"https:\/\/blog.ilgiornale.it\/ruzzo\/wp-json\/wp\/v2\/media?parent=26623"}],"wp:term":[{"taxonomy":"category","embeddable":true,"href":"https:\/\/blog.ilgiornale.it\/ruzzo\/wp-json\/wp\/v2\/categories?post=26623"},{"taxonomy":"post_tag","embeddable":true,"href":"https:\/\/blog.ilgiornale.it\/ruzzo\/wp-json\/wp\/v2\/tags?post=26623"}],"curies":[{"name":"wp","href":"https:\/\/api.w.org\/{rel}","templated":true}]}}