{"id":26780,"date":"2019-09-26T16:51:09","date_gmt":"2019-09-26T14:51:09","guid":{"rendered":"https:\/\/blog.ilgiornale.it\/ruzzo\/?p=26780"},"modified":"2019-09-26T17:13:02","modified_gmt":"2019-09-26T15:13:02","slug":"tutti-in-pista-a-monza-in-bici-e-di-corsa","status":"publish","type":"post","link":"https:\/\/blog.ilgiornale.it\/ruzzo\/2019\/09\/26\/tutti-in-pista-a-monza-in-bici-e-di-corsa\/","title":{"rendered":"Tutti in pista a Monza: in bici e di corsa"},"content":{"rendered":"<p><a href=\"https:\/\/blog.ilgiornale.it\/ruzzo\/files\/2019\/09\/bicimonza.jpg\"><img loading=\"lazy\" class=\"alignleft size-medium wp-image-26781\" src=\"https:\/\/blog.ilgiornale.it\/ruzzo\/files\/2019\/09\/bicimonza-300x265.jpg\" alt=\"bicimonza\" width=\"300\" height=\"265\" srcset=\"https:\/\/blog.ilgiornale.it\/ruzzo\/files\/2019\/09\/bicimonza-300x265.jpg 300w, https:\/\/blog.ilgiornale.it\/ruzzo\/files\/2019\/09\/bicimonza.jpg 627w\" sizes=\"(max-width: 300px) 100vw, 300px\" \/><\/a>Sar\u00e0 un fine settimana ad alta velocit\u00e0 sul circuito di Monza. Ma senza motori. Un weekend \u00abFull gas\u00bb come dicono i\u00a0 &#8220;manetta&#8221;, quelli che testa bassa e pedalare&#8230;Un &#8220;menata&#8221;\u00a0 a tutta tra la variante della Roggia, quella di Ascari, le curve di Lesmo e la parabolica dove si daranno battaglia prima i ciclisti e poi i podisti. Tutti in pista \u00absilenziosamente\u00bb nella <strong>12 ore Cycling marathon<\/strong> e nella <strong>Mezza maratona di Monza<\/strong> che l&#8217;organizzazione di <strong>Followyourpassion<\/strong> ha messo insieme in un lungo evento di sport in programma sabato e domenica. Un&#8217;occasione unica per correre in bici e a piedi sulla stessa pista dove poche settimane fa ha trionfato la Ferrrari di Charles Leclerc, per raccogliere la sfida in solitaria o con una squadra e con un pizzico di goliardia che non guasta. Due \u00abpopoli\u00bb amanti della fatica che per una notte e una mattinata prenderanno possesso del tempio della velocit\u00e0 tra curve e rettilinei che hanno segnato la storia motoristica italiana.\u00a0 Si comincia sabato, dal tramonto all&#8217;alba, con la quinta edizione della Ganten Monza 12H Cycling Marathon, evento cult che raduna in pista gli appassionati di ciclismo in un happening di 12 ore non stop che vedr\u00e0 scendere in pista in team da 2, 4, fino ad otto atleti. Una sfida all&#8217;ultima volata per una notte che trascorrer\u00e0 lenta tra cambi, massaggi, ristori, litri di caff\u00e8 e qualche ora di sonno rubata nei box. Novit\u00e0 di quest&#8217;anno, anche una sfida non competitiva di 3 ore dedicata alle biciclette d&#8217;epoca a suggello di un&#8217;edizione che ospiter\u00e0 il 1\u00b0 raduno di bici storiche <strong>Colnago<\/strong> organizzato in collaborazione con la ASD Ciclostoriche di Lombardia.\u00a0 Domenica mattina, quando le biciclette rientreranno ai box, toccher\u00e0 invece ai podisti scendere in pista per la sedicesima edizione della Ganten Monza21 Half Marathon, il grande classico di fine estate che quest&#8217;anno si sposta un po&#8217; pi\u00f9 avanti in calendario rispetto alla tradizione, ma conserva l&#8217;ampia proposta di distanze: 30, 21, 10 e 5 km. Si tratter\u00e0, come di consueto, di un evento dalla doppia anima: competitiva, da serious runner, che grazie al percorso piatto e filante, qui possono cercare il personal best o affinare la preparazione per una maratona; divertente, con la possibilit\u00e0 per tutti di vivere in prima persona una pista e una location ammirati in tv per i GP di Formula1. Prevista la presenza di alcuni Top Runner italiani al via: protagonisti della prova sui 10 km saranno Michele Fontana (CS Areonautica Militare) e Samuele Dini (DK Runners), fra gli uomini; Martina Merlo (CS Areonautica Militare), Ludovica Cavalli (Trionfo Ligure) e Christine Santi (CS Esercito), fra le donne. Ma nel week end monzese ci sar\u00e0 spazio anche ad iniziative benefiche come la \u00abZero Limiti\u00bb sui temi dell&#8217;inclusione della disabilit\u00e0 e dell&#8217;avvicinamento dei giovani al mondo dello sport. In collaborazione con Fondazione Tremolada e Brianza Scherma, inoltre, nella giornata di sabato al Village saranno allestiti campi di atletica leggera e scherma dove si alleneranno atleti paraolimpici e coinvolgeranno ragazzi normodotati nei loro allenamenti.<\/p>\n","protected":false},"excerpt":{"rendered":"<p><p>Sar\u00e0 un fine settimana ad alta velocit\u00e0 sul circuito di Monza. Ma senza motori. Un weekend \u00abFull gas\u00bb come dicono i\u00a0 &#8220;manetta&#8221;, quelli che testa bassa e pedalare&#8230;Un &#8220;menata&#8221;\u00a0 a tutta tra la variante della Roggia, quella di Ascari, le curve di Lesmo e la parabolica dove si daranno battaglia prima i ciclisti e poi i podisti. Tutti in pista \u00absilenziosamente\u00bb nella 12 ore Cycling marathon e nella Mezza maratona di Monza che l&#8217;organizzazione di Followyourpassion ha messo insieme in un lungo evento di sport in programma sabato e domenica. Un&#8217;occasione unica per correre in bici e a piedi sulla [&hellip;]<\/p>\n&nbsp;&nbsp;<div class=\"readmore\"><a href=\"https:\/\/blog.ilgiornale.it\/ruzzo\/2019\/09\/26\/tutti-in-pista-a-monza-in-bici-e-di-corsa\/\">Continua a leggere...<\/a><\/div><\/p>","protected":false},"author":956,"featured_media":0,"comment_status":"open","ping_status":"closed","sticky":false,"template":"","format":"standard","meta":[],"categories":[1],"tags":[],"_links":{"self":[{"href":"https:\/\/blog.ilgiornale.it\/ruzzo\/wp-json\/wp\/v2\/posts\/26780"}],"collection":[{"href":"https:\/\/blog.ilgiornale.it\/ruzzo\/wp-json\/wp\/v2\/posts"}],"about":[{"href":"https:\/\/blog.ilgiornale.it\/ruzzo\/wp-json\/wp\/v2\/types\/post"}],"author":[{"embeddable":true,"href":"https:\/\/blog.ilgiornale.it\/ruzzo\/wp-json\/wp\/v2\/users\/956"}],"replies":[{"embeddable":true,"href":"https:\/\/blog.ilgiornale.it\/ruzzo\/wp-json\/wp\/v2\/comments?post=26780"}],"version-history":[{"count":1,"href":"https:\/\/blog.ilgiornale.it\/ruzzo\/wp-json\/wp\/v2\/posts\/26780\/revisions"}],"predecessor-version":[{"id":26782,"href":"https:\/\/blog.ilgiornale.it\/ruzzo\/wp-json\/wp\/v2\/posts\/26780\/revisions\/26782"}],"wp:attachment":[{"href":"https:\/\/blog.ilgiornale.it\/ruzzo\/wp-json\/wp\/v2\/media?parent=26780"}],"wp:term":[{"taxonomy":"category","embeddable":true,"href":"https:\/\/blog.ilgiornale.it\/ruzzo\/wp-json\/wp\/v2\/categories?post=26780"},{"taxonomy":"post_tag","embeddable":true,"href":"https:\/\/blog.ilgiornale.it\/ruzzo\/wp-json\/wp\/v2\/tags?post=26780"}],"curies":[{"name":"wp","href":"https:\/\/api.w.org\/{rel}","templated":true}]}}