{"id":26835,"date":"2019-10-02T16:19:39","date_gmt":"2019-10-02T14:19:39","guid":{"rendered":"https:\/\/blog.ilgiornale.it\/ruzzo\/?p=26835"},"modified":"2019-10-02T20:28:19","modified_gmt":"2019-10-02T18:28:19","slug":"vigorelli-ghisallo-un-pellegrinaggio-a-pedali","status":"publish","type":"post","link":"https:\/\/blog.ilgiornale.it\/ruzzo\/2019\/10\/02\/vigorelli-ghisallo-un-pellegrinaggio-a-pedali\/","title":{"rendered":"Vigorelli-Ghisallo, un pellegrinaggio a pedali&#8230;"},"content":{"rendered":"<p><a href=\"https:\/\/blog.ilgiornale.it\/ruzzo\/files\/2019\/10\/vigore22.jpg\"><img loading=\"lazy\" class=\"alignleft size-medium wp-image-26840\" src=\"https:\/\/blog.ilgiornale.it\/ruzzo\/files\/2019\/10\/vigore22-300x173.jpg\" alt=\"vigore22\" width=\"300\" height=\"173\" srcset=\"https:\/\/blog.ilgiornale.it\/ruzzo\/files\/2019\/10\/vigore22-300x173.jpg 300w, https:\/\/blog.ilgiornale.it\/ruzzo\/files\/2019\/10\/vigore22.jpg 543w\" sizes=\"(max-width: 300px) 100vw, 300px\" \/><\/a>Non \u00e8 una pedalata come tante. Non lo \u00e8 perch\u00e8 in quel centinaio di chilometri che separano il Vigorelli dal Museo del Ghisallo \u00a0sono quasi un pellegrinaggio sui pedali. Si immagini un lungo un filo rosso che mette insieme due templi,\u00a0 due pezzi del mito del ciclismo. Il Ghisallo \u00e8 la salita di tutti quelli che pedalano. Perch\u00e8 in cima c\u2019\u00e8 una chiesetta che \u00e8 diventata un simbolo e perch\u00e8 il museo \u00e8 la met\u00e0 perfetta per chi ama la bici.\u00a0 Il Vigorelli \u00e8 il Vigorelli e non ha bisogno di presentazioni. Quest&#8217;anno poi \u00e8 un anno di ricorrenze: il Velodromo compie 85 anni di vita, mentre il Museo del Ghisallo ne compie tredici. Ricorrono 70 anni dal riconoscimento papale della Madonna del Ghisallo come \u201cprotettrice di tutti i ciclisti\u201d e, soprattutto, sono trascorsi 100 anni dalla nascita di Fausto Coppi che al Vigorelli ottenne il pi\u00f9 famoso dei Record dell\u2019ora. Non solo. E&#8217; pure passato un secolo dalla prima scalata al Colle del Ghisallo durante il Giro di Lombardia del 1919\u00a0 con la vittoria di Costante Girardengo proprio davanti al Santuario. Basta e avanza per fare della quinta edizione della Vigorelli-Ghisallo che si corre domenica 20 ottobre un evento ad alta concentrazione di storia e di passione ciclistica. Per il quinto anno consecutivo questa pedalata non competitiva viene riproposta dall&#8217; ASD Comitato Velodromo Vigorelli,\u00a0 dal Museo del Ciclismo Madonna del Ghisallo e da Upcycle Milano &#8211; Bike Caf\u00e8\u00a0 ed \u00e8 ormai\u00a0 un appuntamento classico di fine stagione. Al via come testimonial anche quest&#8217;anno ci sar\u00e0 <strong>Paolo Bettini,<\/strong> medaglia d\u2019oro olimpica e due volte campione del mondo di ciclismo su strada, nonch\u00e9 plurivincitore di \u201cclassiche monumento\u201d quali Milano-Sanremo, Liegi-Bastogne-Liegi e Giro di Lombardia. Ma al suo fianco correra anche <strong>Stefano Garzelli,<\/strong> vincitore di un Giro d&#8217;Italia ed oggi voce tecnica del ciclismo in Rai.\u00a0 &#8221; L&#8217;uscita da Milano dal Parco Nord sar\u00e0 scortata dalla polizia Municipale- spiegano gli organizzatori- Poi il\u00a0percorso sar\u00e0 completamente segnalato con appositi cartelli per raggiungere l\u2019abitato di Asso. L\u00ec i partecipanti incontreranno un bivio e potranno scegliere quale versante del Colle del Ghisallo affrontare: la salita pi\u00f9 dolce, che da Asso porta direttamente a Magreglio, oppure quella pi\u00f9 impegnativa che inizia a Bellagio&#8221;. All\u2019arrivo al Ghisallo, i ciclisti riceveranno un lunch box e saranno accolti per il pranzo presso gli spazi del Museo, che potr\u00e0 essere visitato in una delle sue ultime giornate di apertura stagionale.\u00a0 Il Museo, oltre alla consueta collezione di cimeli storici e pezzi da collezione, attualmente ospita una mostra che ripercorre i 70 anni del Santuario, uno spazio dedicato ai 70 anni della scorta moto ciclistica della Polizia Stradale al seguito del Giro d\u2019Italia e uno dedicato al paraciclismo e ai campioni diversamente abili. Ma questa quinta edizione della Vigorelli-Ghisallo si porta appresso anche un progetto affascinante. L&#8217;obiettivo futuro degli organizzatori \u00e8 infatti quello di trasformare il tracciato della manifestazione, che si snoda tra le colline brianzole, in un percorso cicloturistico permanente e segnalato, in grado di fungere da fattore di promozione del territorio e del paesaggio attraversati. Non sarebbe male&#8230;<\/p>\n<p>&nbsp;<\/p>\n","protected":false},"excerpt":{"rendered":"<p><p>Non \u00e8 una pedalata come tante. Non lo \u00e8 perch\u00e8 in quel centinaio di chilometri che separano il Vigorelli dal Museo del Ghisallo \u00a0sono quasi un pellegrinaggio sui pedali. Si immagini un lungo un filo rosso che mette insieme due templi,\u00a0 due pezzi del mito del ciclismo. Il Ghisallo \u00e8 la salita di tutti quelli che pedalano. Perch\u00e8 in cima c\u2019\u00e8 una chiesetta che \u00e8 diventata un simbolo e perch\u00e8 il museo \u00e8 la met\u00e0 perfetta per chi ama la bici.\u00a0 Il Vigorelli \u00e8 il Vigorelli e non ha bisogno di presentazioni. Quest&#8217;anno poi \u00e8 un anno di ricorrenze: il [&hellip;]<\/p>\n&nbsp;&nbsp;<div class=\"readmore\"><a href=\"https:\/\/blog.ilgiornale.it\/ruzzo\/2019\/10\/02\/vigorelli-ghisallo-un-pellegrinaggio-a-pedali\/\">Continua a leggere...<\/a><\/div><\/p>","protected":false},"author":956,"featured_media":0,"comment_status":"open","ping_status":"closed","sticky":false,"template":"","format":"standard","meta":[],"categories":[1],"tags":[],"_links":{"self":[{"href":"https:\/\/blog.ilgiornale.it\/ruzzo\/wp-json\/wp\/v2\/posts\/26835"}],"collection":[{"href":"https:\/\/blog.ilgiornale.it\/ruzzo\/wp-json\/wp\/v2\/posts"}],"about":[{"href":"https:\/\/blog.ilgiornale.it\/ruzzo\/wp-json\/wp\/v2\/types\/post"}],"author":[{"embeddable":true,"href":"https:\/\/blog.ilgiornale.it\/ruzzo\/wp-json\/wp\/v2\/users\/956"}],"replies":[{"embeddable":true,"href":"https:\/\/blog.ilgiornale.it\/ruzzo\/wp-json\/wp\/v2\/comments?post=26835"}],"version-history":[{"count":5,"href":"https:\/\/blog.ilgiornale.it\/ruzzo\/wp-json\/wp\/v2\/posts\/26835\/revisions"}],"predecessor-version":[{"id":26842,"href":"https:\/\/blog.ilgiornale.it\/ruzzo\/wp-json\/wp\/v2\/posts\/26835\/revisions\/26842"}],"wp:attachment":[{"href":"https:\/\/blog.ilgiornale.it\/ruzzo\/wp-json\/wp\/v2\/media?parent=26835"}],"wp:term":[{"taxonomy":"category","embeddable":true,"href":"https:\/\/blog.ilgiornale.it\/ruzzo\/wp-json\/wp\/v2\/categories?post=26835"},{"taxonomy":"post_tag","embeddable":true,"href":"https:\/\/blog.ilgiornale.it\/ruzzo\/wp-json\/wp\/v2\/tags?post=26835"}],"curies":[{"name":"wp","href":"https:\/\/api.w.org\/{rel}","templated":true}]}}