{"id":26851,"date":"2019-10-04T21:08:49","date_gmt":"2019-10-04T19:08:49","guid":{"rendered":"https:\/\/blog.ilgiornale.it\/ruzzo\/?p=26851"},"modified":"2019-10-05T20:33:29","modified_gmt":"2019-10-05T18:33:29","slug":"cose-leroica-nessuno-lo-sa","status":"publish","type":"post","link":"https:\/\/blog.ilgiornale.it\/ruzzo\/2019\/10\/04\/cose-leroica-nessuno-lo-sa\/","title":{"rendered":"Cos&#8217;\u00e8 l&#8217;Eroica?  Nessuno lo sa&#8230;"},"content":{"rendered":"<p><a href=\"https:\/\/blog.ilgiornale.it\/ruzzo\/files\/2019\/10\/ero.jpg\"><img loading=\"lazy\" class=\"alignright size-medium wp-image-26852\" src=\"https:\/\/blog.ilgiornale.it\/ruzzo\/files\/2019\/10\/ero-300x200.jpg\" alt=\"Eroica Sud\" width=\"300\" height=\"200\" srcset=\"https:\/\/blog.ilgiornale.it\/ruzzo\/files\/2019\/10\/ero-300x200.jpg 300w, https:\/\/blog.ilgiornale.it\/ruzzo\/files\/2019\/10\/ero.jpg 1000w\" sizes=\"(max-width: 300px) 100vw, 300px\" \/><\/a>Cos\u2019\u00e8 veramente l\u2019Eroica, che si corre tra un paio di giorni a Gaiole in Chianti con ottomila &#8220;impallinati&#8221; al via,\u00a0 nessuno lo sa.\u00a0 Forse (davvero) lo sa\u00a0 solo\u00a0<strong>Giancarlo Brocci<\/strong>\u00a0, il padre della \u201ccreatura\u201d, che non l\u2019aveva in mente venti o trent\u2019anni fa. L\u2019aveva in mente da sempre. \u201cL\u2019Eroica \u00e8 figlia delle mie passioni di ragazzo- scrive nel Vademecum del ciclista eroico- Figlia dell&#8217; eco che ancora era molto forte attorno al duello sportivo del secolo fra Bartali e Coppi, il pi\u00f9 seguito nel mio bar di bambino\u201d. E&#8217; l\u2019essenza di uno sport popolare che pi\u00f9 popolare non si pu\u00f2,\u00a0 che affollava le case dei paesi dove c\u2019era la televisione, che ancora affolla le strade.\u00a0 Sport, ora di campioni un po\u2019 \u201cfighetti\u201d, allora di ragazzi di famiglie che tiravano la cinghia, forti, muscolari, senza scienza e senza dieta. Cos\u2019\u00e8 veramente l\u2019<strong>Eroica<\/strong>\u00a0lo sa davvero solo questo medico un po\u2019 \u201cvisionario\u201d che\u00a0\u00e8 riuscito a fermare il tempo frullando insieme passato e futuro di uno sport immortale.\u00a0 L&#8217;Eroica \u00e8 Natale con la sua vigilia, la sua attesa, i suoi doni sotto l&#8217;albero. Sono\u00a0bici, scarpe, maglie, cappellini, barbe e baffi antichi.\u00a0Persone, amici, che si conoscono, che si ritrovano, che si ricordano. Che mancano. Un popolo di passione,\u00a0 giovani e meno giovani, uomini e donne di ogni latitudine. L\u2019Eroica \u00e8 fatica vera. Come una volta, senza esibizionismo, senza recite. Sono strade bianche, sudore, qualche bicchiere di Chianti e anche un piatto di ribollita. L\u2019Eroica \u00e8 senza tempo, nel senso che si arriva quando si arriva e va bene, anzi benissimo. Sempre. Perch\u00e8 qui non si taglia, anzi si fa la coda per un timbro. Qui ci si ferma, si riparte e ci si ferma ancora. Senza fretta. L\u2019Eroica \u00e8 l&#8217;elogio della lentezza in una vita che impone invece di andare veloci. Sempre pi\u00f9 veloci.\u00a0 Qui invece ognuno ha la sua di velocit\u00e0 e anche chi va piano a suo modo va veloce. Basta intendersi. Arriva il giorno in cui la velocit\u00e0 diventa un\u2019ipotesi, un valore indefinito, una variabile trascurabile, un dettaglio.\u00a0 Qui si va piano perch\u00e8 non c\u2019\u00e8 fretta, perch\u00e8 si vuole godere pi\u00f9 a lungo, perch\u00e8 si torna padroni del tempo. Conviene sempre riappropriarsi del\u00a0 tempo che si consuma e ci consuma,\u00a0 spezzettarlo, sbocconcellarlo,\u00a0 masticarlo a lungo. L\u2019Eroica \u00e8 la quintessenza del vivere lieve.\u00a0 Per essere Eroici\u00a0 bisogna conoscere la storia, l\u201danima e la meccanica del ciclismo. Che \u00e8 stile, benessere, e rispetto. Che \u00e8 amore per\u00a0 lunghe distanze,\u00a0 che \u00e8 fermarsi quando si incontra qualcun altro in difficolt\u00e0, che \u00e8 un mondo a parte. Un mondo di romantici impallinati che credono di aver capito tutto.\u00a0 Ma in realt\u00e0, tolto &#8220;il Brocci&#8221; come lo chiamano qui dalle sue parti, cos&#8217;\u00e8 l&#8217;Eroica non lo sa nessuno&#8230;<\/p>\n","protected":false},"excerpt":{"rendered":"<p><p>Cos\u2019\u00e8 veramente l\u2019Eroica, che si corre tra un paio di giorni a Gaiole in Chianti con ottomila &#8220;impallinati&#8221; al via,\u00a0 nessuno lo sa.\u00a0 Forse (davvero) lo sa\u00a0 solo\u00a0Giancarlo Brocci\u00a0, il padre della \u201ccreatura\u201d, che non l\u2019aveva in mente venti o trent\u2019anni fa. L\u2019aveva in mente da sempre. \u201cL\u2019Eroica \u00e8 figlia delle mie passioni di ragazzo- scrive nel Vademecum del ciclista eroico- Figlia dell&#8217; eco che ancora era molto forte attorno al duello sportivo del secolo fra Bartali e Coppi, il pi\u00f9 seguito nel mio bar di bambino\u201d. E&#8217; l\u2019essenza di uno sport popolare che pi\u00f9 popolare non si pu\u00f2,\u00a0 che [&hellip;]<\/p>\n&nbsp;&nbsp;<div class=\"readmore\"><a href=\"https:\/\/blog.ilgiornale.it\/ruzzo\/2019\/10\/04\/cose-leroica-nessuno-lo-sa\/\">Continua a leggere...<\/a><\/div><\/p>","protected":false},"author":956,"featured_media":0,"comment_status":"open","ping_status":"closed","sticky":false,"template":"","format":"standard","meta":[],"categories":[1],"tags":[],"_links":{"self":[{"href":"https:\/\/blog.ilgiornale.it\/ruzzo\/wp-json\/wp\/v2\/posts\/26851"}],"collection":[{"href":"https:\/\/blog.ilgiornale.it\/ruzzo\/wp-json\/wp\/v2\/posts"}],"about":[{"href":"https:\/\/blog.ilgiornale.it\/ruzzo\/wp-json\/wp\/v2\/types\/post"}],"author":[{"embeddable":true,"href":"https:\/\/blog.ilgiornale.it\/ruzzo\/wp-json\/wp\/v2\/users\/956"}],"replies":[{"embeddable":true,"href":"https:\/\/blog.ilgiornale.it\/ruzzo\/wp-json\/wp\/v2\/comments?post=26851"}],"version-history":[{"count":4,"href":"https:\/\/blog.ilgiornale.it\/ruzzo\/wp-json\/wp\/v2\/posts\/26851\/revisions"}],"predecessor-version":[{"id":26861,"href":"https:\/\/blog.ilgiornale.it\/ruzzo\/wp-json\/wp\/v2\/posts\/26851\/revisions\/26861"}],"wp:attachment":[{"href":"https:\/\/blog.ilgiornale.it\/ruzzo\/wp-json\/wp\/v2\/media?parent=26851"}],"wp:term":[{"taxonomy":"category","embeddable":true,"href":"https:\/\/blog.ilgiornale.it\/ruzzo\/wp-json\/wp\/v2\/categories?post=26851"},{"taxonomy":"post_tag","embeddable":true,"href":"https:\/\/blog.ilgiornale.it\/ruzzo\/wp-json\/wp\/v2\/tags?post=26851"}],"curies":[{"name":"wp","href":"https:\/\/api.w.org\/{rel}","templated":true}]}}