{"id":26856,"date":"2019-10-05T18:16:10","date_gmt":"2019-10-05T16:16:10","guid":{"rendered":"https:\/\/blog.ilgiornale.it\/ruzzo\/?p=26856"},"modified":"2019-10-05T18:18:19","modified_gmt":"2019-10-05T16:18:19","slug":"vigorelli-ghisallo-un-tracciato-permanente-come-leroica","status":"publish","type":"post","link":"https:\/\/blog.ilgiornale.it\/ruzzo\/2019\/10\/05\/vigorelli-ghisallo-un-tracciato-permanente-come-leroica\/","title":{"rendered":"Vigorelli-Ghisallo, un tracciato permanente come l&#8217;Eroica"},"content":{"rendered":"<p><a href=\"https:\/\/blog.ilgiornale.it\/ruzzo\/files\/2019\/10\/ghs.jpg\"><img loading=\"lazy\" class=\"alignleft size-medium wp-image-26857\" src=\"https:\/\/blog.ilgiornale.it\/ruzzo\/files\/2019\/10\/ghs-297x300.jpg\" alt=\"ghs\" width=\"297\" height=\"300\" srcset=\"https:\/\/blog.ilgiornale.it\/ruzzo\/files\/2019\/10\/ghs-297x300.jpg 297w, https:\/\/blog.ilgiornale.it\/ruzzo\/files\/2019\/10\/ghs.jpg 606w\" sizes=\"(max-width: 297px) 100vw, 297px\" \/><\/a>Un tracciato permanente dal Vigorelli al Museo del Ghisallo, un po&#8217; come nel Chianti hanno fatto con il percorso dell&#8217;Eroica. &#8220;E\u2019un\u2019idea, un progetto che la quinta edizione della <strong>Vigorelli-Ghisallo<\/strong> porta con s\u00e8 e che sarebbe davvero bello realizzare. L\u2019obiettivo \u00e8 trasformare il tracciato della manifestazione, che cresce nel seguito di anno in anno e che unisce monumenti del ciclismo, in un percorso cicloturistico permanente che possa diventare un bel mezzo per promuovere territorio e paesaggi&#8221; <strong>Carola Gentilini,<\/strong> direttrice del Museo del Ghisallo ed assessore alla Cultura e al Turismo del Comune di Como, culla l\u2019idea di realizzare un \u00abtracciato permanente\u00bb che permetta di pedalare sulla strada che unisce Velordromo e Museo.\u00a0 Un centinaio di chilometri che domenica 20 saranno il tracciato della Vigorelli-Ghisallo che si spera venga risparmiata dal diluvio dello scorso anno e che porter\u00e0 al via un bel numero di appassionati ed anche campioni come l&#8217;olimpionico <strong>Paolo Bettini<\/strong> e il vincitore del Giro ed oggi commentatore Rai <strong>Stefano Garzelli.<\/strong> Non sar\u00e0 facile realizzare un percorso strutturato che unisca questi due monumenti del ciclismo anche se, e sarebbe un primo passo importante, si potrebbe cominciare subito a segnarlo\u00a0con indicazioni e segnaletica. Ma \u00e8 solo l\u2019ultima delle idee che vedono il Museo del Ghisallo al centro: &#8220;S\u00ec \u00e8 cos\u00ec anche quella che si chiude per noi \u00e8 stata un\u2019ottima stagione- conferma Gentilini- Il Museo ha fatto registrare oltre 13mila visitatori, moltissimi stranieri che sono arrivati da 70 nazioni. E\u2019 un riconoscimento importante e che premia un luogo come il Ghisallo che colpisce per il suo fascino e che \u00e8 il posto ideale anche per ospitare eventi&#8221;. Come il Giro d\u2019Italia transitato al Ghisallo con un grande successo di pubblico e ora il Giro Lombardia che per il Museo sar\u00e0 ricchissimo con l\u2019arrivo, ad esempio, della bici di Vito Taccone portata dal figlio Cristiano e da un gruppo di compagni di ciclismo fra cui anche il presidente dell\u2019associazione Fausto e Serse Coppi Claudio Pesci che ha fatto restaurare il cimelio. &#8220;Ci sar\u00e0 anche la festa dei 70 anni del santuario con l\u2019annullo postale- spiega la direttrice- e l\u2019inaugurazione della nuova sezione paralimpica. Seguir\u00e0 presto anche l\u2019 ampliamento della sezione femminile e proprio in questa occasione ci verr\u00e0 a visitare prima della chiusura invernale anche la nazionale femminile guidata dal ct Dino Salvoldi&#8221;<\/p>\n","protected":false},"excerpt":{"rendered":"<p><p>Un tracciato permanente dal Vigorelli al Museo del Ghisallo, un po&#8217; come nel Chianti hanno fatto con il percorso dell&#8217;Eroica. &#8220;E\u2019un\u2019idea, un progetto che la quinta edizione della Vigorelli-Ghisallo porta con s\u00e8 e che sarebbe davvero bello realizzare. L\u2019obiettivo \u00e8 trasformare il tracciato della manifestazione, che cresce nel seguito di anno in anno e che unisce monumenti del ciclismo, in un percorso cicloturistico permanente che possa diventare un bel mezzo per promuovere territorio e paesaggi&#8221; Carola Gentilini, direttrice del Museo del Ghisallo ed assessore alla Cultura e al Turismo del Comune di Como, culla l\u2019idea di realizzare un \u00abtracciato permanente\u00bb [&hellip;]<\/p>\n&nbsp;&nbsp;<div class=\"readmore\"><a href=\"https:\/\/blog.ilgiornale.it\/ruzzo\/2019\/10\/05\/vigorelli-ghisallo-un-tracciato-permanente-come-leroica\/\">Continua a leggere...<\/a><\/div><\/p>","protected":false},"author":956,"featured_media":0,"comment_status":"open","ping_status":"closed","sticky":false,"template":"","format":"standard","meta":[],"categories":[1],"tags":[],"_links":{"self":[{"href":"https:\/\/blog.ilgiornale.it\/ruzzo\/wp-json\/wp\/v2\/posts\/26856"}],"collection":[{"href":"https:\/\/blog.ilgiornale.it\/ruzzo\/wp-json\/wp\/v2\/posts"}],"about":[{"href":"https:\/\/blog.ilgiornale.it\/ruzzo\/wp-json\/wp\/v2\/types\/post"}],"author":[{"embeddable":true,"href":"https:\/\/blog.ilgiornale.it\/ruzzo\/wp-json\/wp\/v2\/users\/956"}],"replies":[{"embeddable":true,"href":"https:\/\/blog.ilgiornale.it\/ruzzo\/wp-json\/wp\/v2\/comments?post=26856"}],"version-history":[{"count":3,"href":"https:\/\/blog.ilgiornale.it\/ruzzo\/wp-json\/wp\/v2\/posts\/26856\/revisions"}],"predecessor-version":[{"id":26860,"href":"https:\/\/blog.ilgiornale.it\/ruzzo\/wp-json\/wp\/v2\/posts\/26856\/revisions\/26860"}],"wp:attachment":[{"href":"https:\/\/blog.ilgiornale.it\/ruzzo\/wp-json\/wp\/v2\/media?parent=26856"}],"wp:term":[{"taxonomy":"category","embeddable":true,"href":"https:\/\/blog.ilgiornale.it\/ruzzo\/wp-json\/wp\/v2\/categories?post=26856"},{"taxonomy":"post_tag","embeddable":true,"href":"https:\/\/blog.ilgiornale.it\/ruzzo\/wp-json\/wp\/v2\/tags?post=26856"}],"curies":[{"name":"wp","href":"https:\/\/api.w.org\/{rel}","templated":true}]}}