{"id":26870,"date":"2019-10-07T20:33:50","date_gmt":"2019-10-07T18:33:50","guid":{"rendered":"https:\/\/blog.ilgiornale.it\/ruzzo\/?p=26870"},"modified":"2019-10-07T20:33:50","modified_gmt":"2019-10-07T18:33:50","slug":"bartali-un-santo-in-bicicletta","status":"publish","type":"post","link":"https:\/\/blog.ilgiornale.it\/ruzzo\/2019\/10\/07\/bartali-un-santo-in-bicicletta\/","title":{"rendered":"Bartali, un Santo in bicicletta"},"content":{"rendered":"<p><a href=\"https:\/\/blog.ilgiornale.it\/ruzzo\/files\/2019\/10\/bartali.jpg\"><img loading=\"lazy\" class=\"alignleft size-medium wp-image-26871\" src=\"https:\/\/blog.ilgiornale.it\/ruzzo\/files\/2019\/10\/bartali-191x300.jpg\" alt=\"bartali\" width=\"191\" height=\"300\" srcset=\"https:\/\/blog.ilgiornale.it\/ruzzo\/files\/2019\/10\/bartali-191x300.jpg 191w, https:\/\/blog.ilgiornale.it\/ruzzo\/files\/2019\/10\/bartali.jpg 450w\" sizes=\"(max-width: 191px) 100vw, 191px\" \/><\/a><\/p>\n<p><strong>Gino Bartali,<\/strong> &#8220;Un santo in bicicletta&#8221;\u00a0 \u00e8 la storia a tutto tondo di un eroe nazionale. Vita, imprese, fede di un campione ma soprattutto di un uomo che fa parte ormai a\u00a0 pieno diritto della storia popolare del nostro Paese.\u00a0 Un racconto, dal taglio inedito, di come egli abbia risposto alla personale chiamata verso la santit\u00e0 nella vita di tutti i giorni, dentro una storia epica (l\u2019attentato a Togliatti, i fatti di Trieste, la grande rivalit\u00e0 con Fausto Coppi) e allo stesso tempo quotidiana. scritto da <strong>Angelo De Lorenzi\u00a0<\/strong>\u00a0in un libro, da pochi giorni nelle librerie. Duecentododici pagine per raccontare la fede schietta di Bartali, dalla scelta di diventare terziario francescano alla speciale devozione per la figura di santa Teresina di Lisieux. Per ricostruire le ragioni di\u00a0 come una fede autentica e senza glosse del Vangelo \u2013 come ha testimoniato Santa Teresina \u2013 abbia portato Bartali ad accettare di aiutare gli ebrei perseguitati, quando tra il 1943 e il 1944, percorse decine di volte il tragitto Firenze-Assisi in sella a una bicicletta che nascondeva\u00a0 nel telaio fotografie e documenti di identit\u00e0 contraffatti.\u00a0\u201cTutto giusto, tutto da rifare\u2026\u201d si potrebbe quindi dire.\u00a0 Cos\u00ec&#8217; andrebbe cambiata cos\u00ec la sua frase pi\u00f9 famosa.\u00a0Perch\u00e8 in questo caso non c\u2019\u00e8 nulla di sbagliato e non stiamo parlando di una vittoria di un\u00a0<strong>Giro<\/strong>\u00a0o di\u00a0un<strong>\u00a0Tour.<\/strong>\u00a0Ci sono azioni che entrano nella storia in silenzio e che fanno la storia senza clamori perch\u00e8 come diceva spesso Bartali a suo figlio Andrea \u00a0\u201cil bene si fa ma non si dice e sfruttare le disgrazie degli altri per farsi belli \u00e8 da vigliacchi\u201d. Racconti di altri tempi che danno la dimensione delle persone, dei protagonisti e della vita: com\u2019era e come adesso \u00e8 cambiata.. Cos\u00ec non c\u2019\u00e8 nulla di sbagliato se il Bartali oggi \u00e8\u00a0 \u00abGiusto tra le nazioni\u00bb, nominato\u00a0 dallo\u00a0<strong>Yad Vashem<\/strong>, il memoriale della\u00a0<strong>Shoah di Gerusalemme.<\/strong>\u00a0\u00abGiusto tra le nazioni\u00bb \u00e8 chi tra i non-ebrei\u00a0si \u00e8 distinto per il suo eroismo nell\u2019aiutare le vittime dell\u2019Olocausto. E Bartali come si legge sul sito\u00a0Yad Vashem \u201cEra un devoto cattolico che nel settembre del 1943 gioc\u00f2 un ruolo importante nel salvare gli ebrei attraverso la rete creata da\u00a0<strong>Elia Dalla Costa<\/strong>, l\u2019arcivescovo di Firenze a cui\u00a0 era molto legato, gi\u00e0 riconosciuto tra i Giust\u00ec nel 2012&#8243;.\u00a0 <strong>Angelo De Lorenzi,<\/strong>\u00a0\u00a0giornalista appassionato di ciclismo, \u00e8 gi\u00e0 autore di molte altre pubblicazioni come &#8221; Il collezionismo nel mondo della bicicletta&#8221; (Ediciclo Editore, 1999), &#8221; E non chiamatemi (pi\u00f9) Cannibale. Vita e imprese di Eddy Merckx (Limina, 2003), &#8220;Vigorelli e altre storie&#8221; (Youcanprint, 2018). Con Mimep-Docete ha pubblicato\u00a0 due anni fa &#8221; Medjugorje ieri e oggi&#8221; e lo scorso anno &#8220;Paolo VI il Santo della Vita&#8221;.<\/p>\n","protected":false},"excerpt":{"rendered":"<p><p>Gino Bartali, &#8220;Un santo in bicicletta&#8221;\u00a0 \u00e8 la storia a tutto tondo di un eroe nazionale. Vita, imprese, fede di un campione ma soprattutto di un uomo che fa parte ormai a\u00a0 pieno diritto della storia popolare del nostro Paese.\u00a0 Un racconto, dal taglio inedito, di come egli abbia risposto alla personale chiamata verso la santit\u00e0 nella vita di tutti i giorni, dentro una storia epica (l\u2019attentato a Togliatti, i fatti di Trieste, la grande rivalit\u00e0 con Fausto Coppi) e allo stesso tempo quotidiana. scritto da Angelo De Lorenzi\u00a0\u00a0in un libro, da pochi giorni nelle librerie. Duecentododici pagine per raccontare [&hellip;]<\/p>\n&nbsp;&nbsp;<div class=\"readmore\"><a href=\"https:\/\/blog.ilgiornale.it\/ruzzo\/2019\/10\/07\/bartali-un-santo-in-bicicletta\/\">Continua a leggere...<\/a><\/div><\/p>","protected":false},"author":956,"featured_media":0,"comment_status":"open","ping_status":"closed","sticky":false,"template":"","format":"standard","meta":[],"categories":[1],"tags":[],"_links":{"self":[{"href":"https:\/\/blog.ilgiornale.it\/ruzzo\/wp-json\/wp\/v2\/posts\/26870"}],"collection":[{"href":"https:\/\/blog.ilgiornale.it\/ruzzo\/wp-json\/wp\/v2\/posts"}],"about":[{"href":"https:\/\/blog.ilgiornale.it\/ruzzo\/wp-json\/wp\/v2\/types\/post"}],"author":[{"embeddable":true,"href":"https:\/\/blog.ilgiornale.it\/ruzzo\/wp-json\/wp\/v2\/users\/956"}],"replies":[{"embeddable":true,"href":"https:\/\/blog.ilgiornale.it\/ruzzo\/wp-json\/wp\/v2\/comments?post=26870"}],"version-history":[{"count":1,"href":"https:\/\/blog.ilgiornale.it\/ruzzo\/wp-json\/wp\/v2\/posts\/26870\/revisions"}],"predecessor-version":[{"id":26872,"href":"https:\/\/blog.ilgiornale.it\/ruzzo\/wp-json\/wp\/v2\/posts\/26870\/revisions\/26872"}],"wp:attachment":[{"href":"https:\/\/blog.ilgiornale.it\/ruzzo\/wp-json\/wp\/v2\/media?parent=26870"}],"wp:term":[{"taxonomy":"category","embeddable":true,"href":"https:\/\/blog.ilgiornale.it\/ruzzo\/wp-json\/wp\/v2\/categories?post=26870"},{"taxonomy":"post_tag","embeddable":true,"href":"https:\/\/blog.ilgiornale.it\/ruzzo\/wp-json\/wp\/v2\/tags?post=26870"}],"curies":[{"name":"wp","href":"https:\/\/api.w.org\/{rel}","templated":true}]}}