{"id":2692,"date":"2011-09-04T14:50:56","date_gmt":"2011-09-04T13:50:56","guid":{"rendered":"https:\/\/blog.ilgiornale.it\/ruzzo\/?p=2692"},"modified":"2011-09-04T14:57:56","modified_gmt":"2011-09-04T13:57:56","slug":"mondiali-di-atletica-doppietta-keniana-in-maratona-ma-pertile-ce","status":"publish","type":"post","link":"https:\/\/blog.ilgiornale.it\/ruzzo\/2011\/09\/04\/mondiali-di-atletica-doppietta-keniana-in-maratona-ma-pertile-ce\/","title":{"rendered":"Mondiali di atletica, doppietta keniana in maratona. Ma Pertile c&#8217;\u00e8."},"content":{"rendered":"<p><a href=\"https:\/\/blog.ilgiornale.it\/ruzzo\/files\/2011\/09\/Daegu_31.jpg\"><img loading=\"lazy\" class=\"alignleft size-medium wp-image-2701\" src=\"https:\/\/blog.ilgiornale.it\/ruzzo\/files\/2011\/09\/Daegu_31-217x300.jpg\" alt=\"\" width=\"217\" height=\"300\" \/><\/a>Doppietta keniana nella maratona maschile ai Mondiali di atletica di Daegu. Il campione uscente Abel Kirui ha confermato l\u2019oro di Berlino con il tempo di 2h07\u201938\u00ab. Alle sue spalle il connazionale Vincent Kipruto, argento in 2h10\u201906\u00bb. Il podio \u00e8 completato dal 21enne etiope Feyisa Lilesa in 2h10\u201932\u00ab. Il Kenya aveva realizzato una tripletta nella maratona femminile, nella prima giornata dei Mondiali, vinta da Edna Kiplagat e\u00a0stanotte ha rischiato di fare il bis se Kiptanui non avesse ceduto negli ultimi chilometri. Ma\u00a0era tutto annunciato. Per noi, per l&#8217;Italia in gara c&#8217;era Ruggero Pertile che non partiva per vincere n\u00e8 per salire sul podio. L&#8217;\u2019azzurro\u00a0 ha chiuso in ottava posizione in 2h11\u201957\u00bb e la sua \u00e8 stata un&#8217;ottima gara corsa con la giusta prudenza nella prima parte e con una bella progressione finale che lo ha poartato praticamente a sprintare per la sesta posizione. Il 37enne veneto \u00e8 stato\u00a0anche il primo degli atleti europei al traguardo e questo la dice lunga sul valore di chi l&#8217;ha preceduto. \u00abHo fatto una gara con la testa- ha detto al traguardo Pertile che nell\u2019ultimo anno si allenato a lungo in<br \/>\nKenya al fianco dei campioni africani- perch\u00e8 al primo giro mi sono reso conto che<br \/>\nquella di chi stava davanti era un\u2019azione che io non avrei potuto reggere a lungo. Nei primi 10 km ho sudato tanto, poi per fortuna ho trovato il mio passo e ho potuto chiudere forte in progressione come volevo\u00bb. Dopo la delusione europea di Barcellona dove lo avevano rallentato i crampi, quando nel finale avrebbe potuto giocarsela, l&#8217;azzurrro in terra coreana ha fatto la\u00a0 gara quasi perfetta. Ora l&#8217;obbiettivo sono le olimpiadi di Londra\u00a0 dove il ranking dei partenti sar\u00e0 pi\u00f9 ristretto ( tre\u00a0atleti per squadra anzich\u00e8 i cinque dei mondiali) e dove Pertile dovr\u00e0 arrivare con la speranza di abbassare di qualche minuto il suo personale di maratona. Le medaglie olimpiche saranno quasi certamente ancora etiopi e keniane ma correndo una maratona attorno alle 2 ore e 8 minuti chiss\u00e0 cosa pu\u00f2 seccudere&#8230;Ogni gra fa storia a s\u00e8.<\/p>\n","protected":false},"excerpt":{"rendered":"<p><p>Doppietta keniana nella maratona maschile ai Mondiali di atletica di Daegu. Il campione uscente Abel Kirui ha confermato l\u2019oro di Berlino con il tempo di 2h07\u201938\u00ab. Alle sue spalle il connazionale Vincent Kipruto, argento in 2h10\u201906\u00bb. Il podio \u00e8 completato dal 21enne etiope Feyisa Lilesa in 2h10\u201932\u00ab. Il Kenya aveva realizzato una tripletta nella maratona femminile, nella prima giornata dei Mondiali, vinta da Edna Kiplagat e\u00a0stanotte ha rischiato di fare il bis se Kiptanui non avesse ceduto negli ultimi chilometri. Ma\u00a0era tutto annunciato. Per noi, per l&#8217;Italia in gara c&#8217;era Ruggero Pertile che non partiva per vincere n\u00e8 per salire [&hellip;]<\/p>\n&nbsp;&nbsp;<div class=\"readmore\"><a href=\"https:\/\/blog.ilgiornale.it\/ruzzo\/2011\/09\/04\/mondiali-di-atletica-doppietta-keniana-in-maratona-ma-pertile-ce\/\">Continua a leggere...<\/a><\/div><\/p>","protected":false},"author":956,"featured_media":0,"comment_status":"open","ping_status":"closed","sticky":false,"template":"","format":"standard","meta":[],"categories":[1],"tags":[6035,6036,6037,6032,6034,6038],"_links":{"self":[{"href":"https:\/\/blog.ilgiornale.it\/ruzzo\/wp-json\/wp\/v2\/posts\/2692"}],"collection":[{"href":"https:\/\/blog.ilgiornale.it\/ruzzo\/wp-json\/wp\/v2\/posts"}],"about":[{"href":"https:\/\/blog.ilgiornale.it\/ruzzo\/wp-json\/wp\/v2\/types\/post"}],"author":[{"embeddable":true,"href":"https:\/\/blog.ilgiornale.it\/ruzzo\/wp-json\/wp\/v2\/users\/956"}],"replies":[{"embeddable":true,"href":"https:\/\/blog.ilgiornale.it\/ruzzo\/wp-json\/wp\/v2\/comments?post=2692"}],"version-history":[{"count":7,"href":"https:\/\/blog.ilgiornale.it\/ruzzo\/wp-json\/wp\/v2\/posts\/2692\/revisions"}],"predecessor-version":[{"id":2706,"href":"https:\/\/blog.ilgiornale.it\/ruzzo\/wp-json\/wp\/v2\/posts\/2692\/revisions\/2706"}],"wp:attachment":[{"href":"https:\/\/blog.ilgiornale.it\/ruzzo\/wp-json\/wp\/v2\/media?parent=2692"}],"wp:term":[{"taxonomy":"category","embeddable":true,"href":"https:\/\/blog.ilgiornale.it\/ruzzo\/wp-json\/wp\/v2\/categories?post=2692"},{"taxonomy":"post_tag","embeddable":true,"href":"https:\/\/blog.ilgiornale.it\/ruzzo\/wp-json\/wp\/v2\/tags?post=2692"}],"curies":[{"name":"wp","href":"https:\/\/api.w.org\/{rel}","templated":true}]}}