{"id":26926,"date":"2019-10-16T16:41:58","date_gmt":"2019-10-16T14:41:58","guid":{"rendered":"https:\/\/blog.ilgiornale.it\/ruzzo\/?p=26926"},"modified":"2019-10-16T16:41:58","modified_gmt":"2019-10-16T14:41:58","slug":"olimpiadi-di-tokyo-e-caldo-maratona-spostata-a-sapporo","status":"publish","type":"post","link":"https:\/\/blog.ilgiornale.it\/ruzzo\/2019\/10\/16\/olimpiadi-di-tokyo-e-caldo-maratona-spostata-a-sapporo\/","title":{"rendered":"Olimpiadi di Tokyo e caldo: maratona spostata a Sapporo"},"content":{"rendered":"<p><a href=\"https:\/\/blog.ilgiornale.it\/ruzzo\/files\/2019\/10\/caldo.jpeg\"><img loading=\"lazy\" class=\"alignleft size-medium wp-image-26928\" src=\"https:\/\/blog.ilgiornale.it\/ruzzo\/files\/2019\/10\/caldo-300x188.jpeg\" alt=\"caldo\" width=\"300\" height=\"188\" srcset=\"https:\/\/blog.ilgiornale.it\/ruzzo\/files\/2019\/10\/caldo-300x188.jpeg 300w, https:\/\/blog.ilgiornale.it\/ruzzo\/files\/2019\/10\/caldo.jpeg 738w\" sizes=\"(max-width: 300px) 100vw, 300px\" \/><\/a>La lezione dei mondiali di Doha ( forse) \u00e8 servita. Cos\u00ec il Cio,\u00a0 il comitato olimpico internazionale, ha annunciato oggi che sta pianificando di spostare la\u00a0<span style=\"color: #000000\">maratona<\/span> e la marcia olimpico dei Giochi di Tokyo 2020 a Sapporo, la citt\u00e0 ospitante dei Giochi invernali del 1972. Il trasferimento nell&#8217;area di Hokkaido, \u00e8 dovuto al fatto che si potranno registrare nella prefettura pi\u00f9 settentrionale del Giappone, temperature decisamente pi\u00f9 basse per gli atleti durante le Olimpiadi. A Sapporo infatti, le temperature durante il periodo dei Giochi sono pi\u00f9 fredde di 5-6 gradi durante il giorno rispetto a Tokyo. &#8220;Il piano fa parte di una vasta gamma di misure gi\u00e0 adottate da Tokyo 2020- spiega una nota- insieme al Cio e alle Federazioni internazionali per mitigare gli effetti delle temperature che potrebbero verificarsi la prossima estate&#8221;. Il Comitato olimpico internazionale\u00a0ha informato la Iaaf delle modifiche proposte e quest&#8217;ultima iniziativa del Cio e di Tokyo 2020 si aggiunge alle altre contromisure contro le ondate di calore e fronteggiare gli impatti climatici: le gare dei 5.000 e le lunghe distanze sono state programmate nelle sessioni serali e non in quelle mattutine,\u00a0 le partite di rugby si terranno al mattino per finire entro le 12. e nel ciclismo l&#8217;orario di inizio della mountain bike \u00e8 slittato alle 15.<\/p>\n","protected":false},"excerpt":{"rendered":"<p><p>La lezione dei mondiali di Doha ( forse) \u00e8 servita. Cos\u00ec il Cio,\u00a0 il comitato olimpico internazionale, ha annunciato oggi che sta pianificando di spostare la\u00a0maratona e la marcia olimpico dei Giochi di Tokyo 2020 a Sapporo, la citt\u00e0 ospitante dei Giochi invernali del 1972. Il trasferimento nell&#8217;area di Hokkaido, \u00e8 dovuto al fatto che si potranno registrare nella prefettura pi\u00f9 settentrionale del Giappone, temperature decisamente pi\u00f9 basse per gli atleti durante le Olimpiadi. A Sapporo infatti, le temperature durante il periodo dei Giochi sono pi\u00f9 fredde di 5-6 gradi durante il giorno rispetto a Tokyo. &#8220;Il piano fa parte [&hellip;]<\/p>\n&nbsp;&nbsp;<div class=\"readmore\"><a href=\"https:\/\/blog.ilgiornale.it\/ruzzo\/2019\/10\/16\/olimpiadi-di-tokyo-e-caldo-maratona-spostata-a-sapporo\/\">Continua a leggere...<\/a><\/div><\/p>","protected":false},"author":956,"featured_media":0,"comment_status":"open","ping_status":"closed","sticky":false,"template":"","format":"standard","meta":[],"categories":[1],"tags":[],"_links":{"self":[{"href":"https:\/\/blog.ilgiornale.it\/ruzzo\/wp-json\/wp\/v2\/posts\/26926"}],"collection":[{"href":"https:\/\/blog.ilgiornale.it\/ruzzo\/wp-json\/wp\/v2\/posts"}],"about":[{"href":"https:\/\/blog.ilgiornale.it\/ruzzo\/wp-json\/wp\/v2\/types\/post"}],"author":[{"embeddable":true,"href":"https:\/\/blog.ilgiornale.it\/ruzzo\/wp-json\/wp\/v2\/users\/956"}],"replies":[{"embeddable":true,"href":"https:\/\/blog.ilgiornale.it\/ruzzo\/wp-json\/wp\/v2\/comments?post=26926"}],"version-history":[{"count":2,"href":"https:\/\/blog.ilgiornale.it\/ruzzo\/wp-json\/wp\/v2\/posts\/26926\/revisions"}],"predecessor-version":[{"id":26929,"href":"https:\/\/blog.ilgiornale.it\/ruzzo\/wp-json\/wp\/v2\/posts\/26926\/revisions\/26929"}],"wp:attachment":[{"href":"https:\/\/blog.ilgiornale.it\/ruzzo\/wp-json\/wp\/v2\/media?parent=26926"}],"wp:term":[{"taxonomy":"category","embeddable":true,"href":"https:\/\/blog.ilgiornale.it\/ruzzo\/wp-json\/wp\/v2\/categories?post=26926"},{"taxonomy":"post_tag","embeddable":true,"href":"https:\/\/blog.ilgiornale.it\/ruzzo\/wp-json\/wp\/v2\/tags?post=26926"}],"curies":[{"name":"wp","href":"https:\/\/api.w.org\/{rel}","templated":true}]}}