{"id":26930,"date":"2019-10-17T23:18:58","date_gmt":"2019-10-17T21:18:58","guid":{"rendered":"https:\/\/blog.ilgiornale.it\/ruzzo\/?p=26930"},"modified":"2019-10-17T23:26:15","modified_gmt":"2019-10-17T21:26:15","slug":"vigorelli-ghisallo-una-pedalata-diversa-dalle-altre","status":"publish","type":"post","link":"https:\/\/blog.ilgiornale.it\/ruzzo\/2019\/10\/17\/vigorelli-ghisallo-una-pedalata-diversa-dalle-altre\/","title":{"rendered":"Vigorelli-Ghisallo, una pedalata diversa dalle altre"},"content":{"rendered":"<p><a href=\"https:\/\/blog.ilgiornale.it\/ruzzo\/files\/2019\/10\/ghs1.jpg\"><img loading=\"lazy\" class=\"alignleft size-medium wp-image-26931\" src=\"https:\/\/blog.ilgiornale.it\/ruzzo\/files\/2019\/10\/ghs1-297x300.jpg\" alt=\"ghs\" width=\"297\" height=\"300\" srcset=\"https:\/\/blog.ilgiornale.it\/ruzzo\/files\/2019\/10\/ghs1-297x300.jpg 297w, https:\/\/blog.ilgiornale.it\/ruzzo\/files\/2019\/10\/ghs1.jpg 606w\" sizes=\"(max-width: 297px) 100vw, 297px\" \/><\/a>Guardi il meteo \u00e8 un po&#8217; ti rassegni: vabb\u00e8 piover\u00e0.\u00a0 Forse piover\u00e0, \u00e8 probabile, ormai come dicono tutti, il meteo non sbaglia pi\u00f9. E pazienza piover\u00e0 anche sulla quinta edizione della Vigorelli-Ghisallo che forse anche per questo non \u00e8 una pedalata come tante. Anzi non \u00e8 una pedalata come le altre.\u00a0 Non lo \u00e8 perch\u00e8 in quel centinaio di chilometri che separano il Vigorelli dal Museo del Ghisallo \u00a0sono quasi un pellegrinaggio sui pedali. Si immagini un lungo un filo rosso che mette insieme due templi,\u00a0 due pezzi del mito del ciclismo. Il Ghisallo \u00e8 la salita di tutti quelli che pedalano. Perch\u00e8 in cima c\u2019\u00e8 una chiesetta che \u00e8 diventata un simbolo e perch\u00e8 il museo \u00e8 la met\u00e0 perfetta per chi ama la bici.\u00a0 Il Vigorelli \u00e8 il Vigorelli e non ha bisogno di presentazioni. Quest\u2019anno poi \u00e8 un anno di ricorrenze: il Velodromo compie 85 anni di vita, mentre il Museo del Ghisallo ne compie tredici. Ricorrono 70 anni dal riconoscimento papale della Madonna del Ghisallo come \u201cprotettrice di tutti i ciclisti\u201d e, soprattutto, sono trascorsi 100 anni dalla nascita di Fausto Coppi che al Vigorelli ottenne il pi\u00f9 famoso dei Record dell\u2019ora. Non solo. E\u2019 pure passato un secolo dalla prima scalata al Colle del Ghisallo durante il Giro di Lombardia del 1919\u00a0 con la vittoria di Costante Girardengo proprio davanti al Santuario. Basta e avanza per fare della quinta edizione della Vigorelli-Ghisallo che si corre domenica\u00a0 un evento ad alta concentrazione di storia e di passione ciclistica. Per il quinto anno consecutivo questa pedalata non competitiva viene riproposta dall\u2019 ASD Comitato Velodromo Vigorelli,\u00a0 dal Museo del Ciclismo Madonna del Ghisallo e da Upcycle Milano \u2013 Bike Caf\u00e8\u00a0 ed \u00e8 ormai\u00a0 un appuntamento classico di fine stagione. Al via come testimonial anche quest\u2019anno ci sar\u00e0\u00a0<strong>Paolo Bettini,<\/strong>\u00a0medaglia d\u2019oro olimpica e due volte campione del mondo di ciclismo su strada, nonch\u00e9 plurivincitore di \u201cclassiche monumento\u201d quali Milano-Sanremo, Liegi-Bastogne-Liegi e Giro di Lombardia. Ma al suo fianco correra anche\u00a0<strong>Stefano Garzelli,<\/strong>\u00a0vincitore di un Giro d\u2019Italia ed oggi voce tecnica del ciclismo in Rai.\u00a0 \u201d L\u2019uscita da Milano dal Parco Nord sar\u00e0 scortata dalla polizia Municipale- spiegano gli organizzatori- Poi il\u00a0percorso sar\u00e0 completamente segnalato con appositi cartelli per raggiungere l\u2019abitato di Asso. L\u00ec i partecipanti incontreranno un bivio e potranno scegliere quale versante del Colle del Ghisallo affrontare: la salita pi\u00f9 dolce, che da Asso porta direttamente a Magreglio, oppure quella pi\u00f9 impegnativa che inizia a Bellagio\u201d. All\u2019arrivo al Ghisallo, i ciclisti riceveranno un lunch box e saranno accolti per il pranzo presso gli spazi del Museo, che potr\u00e0 essere visitato in una delle sue ultime giornate di apertura stagionale.\u00a0 Il Museo, oltre alla consueta collezione di cimeli storici e pezzi da collezione, attualmente ospita una mostra che ripercorre i 70 anni del Santuario, uno spazio dedicato ai 70 anni della scorta moto ciclistica della Polizia Stradale al seguito del Giro d\u2019Italia e uno dedicato al paraciclismo e ai campioni diversamente abili. Ma questa quinta edizione della Vigorelli-Ghisallo si porta appresso anche un progetto affascinante. L\u2019obiettivo futuro degli organizzatori \u00e8 infatti quello di trasformare il tracciato della manifestazione, che si snoda tra le colline brianzole, in un percorso cicloturistico permanente e segnalato, in grado di fungere da fattore di promozione del territorio e del paesaggio attraversati. Non sarebbe male\u2026<\/p>\n<p>&nbsp;<\/p>\n","protected":false},"excerpt":{"rendered":"<p><p>Guardi il meteo \u00e8 un po&#8217; ti rassegni: vabb\u00e8 piover\u00e0.\u00a0 Forse piover\u00e0, \u00e8 probabile, ormai come dicono tutti, il meteo non sbaglia pi\u00f9. E pazienza piover\u00e0 anche sulla quinta edizione della Vigorelli-Ghisallo che forse anche per questo non \u00e8 una pedalata come tante. Anzi non \u00e8 una pedalata come le altre.\u00a0 Non lo \u00e8 perch\u00e8 in quel centinaio di chilometri che separano il Vigorelli dal Museo del Ghisallo \u00a0sono quasi un pellegrinaggio sui pedali. Si immagini un lungo un filo rosso che mette insieme due templi,\u00a0 due pezzi del mito del ciclismo. Il Ghisallo \u00e8 la salita di tutti quelli [&hellip;]<\/p>\n&nbsp;&nbsp;<div class=\"readmore\"><a href=\"https:\/\/blog.ilgiornale.it\/ruzzo\/2019\/10\/17\/vigorelli-ghisallo-una-pedalata-diversa-dalle-altre\/\">Continua a leggere...<\/a><\/div><\/p>","protected":false},"author":956,"featured_media":0,"comment_status":"open","ping_status":"closed","sticky":false,"template":"","format":"standard","meta":[],"categories":[1],"tags":[],"_links":{"self":[{"href":"https:\/\/blog.ilgiornale.it\/ruzzo\/wp-json\/wp\/v2\/posts\/26930"}],"collection":[{"href":"https:\/\/blog.ilgiornale.it\/ruzzo\/wp-json\/wp\/v2\/posts"}],"about":[{"href":"https:\/\/blog.ilgiornale.it\/ruzzo\/wp-json\/wp\/v2\/types\/post"}],"author":[{"embeddable":true,"href":"https:\/\/blog.ilgiornale.it\/ruzzo\/wp-json\/wp\/v2\/users\/956"}],"replies":[{"embeddable":true,"href":"https:\/\/blog.ilgiornale.it\/ruzzo\/wp-json\/wp\/v2\/comments?post=26930"}],"version-history":[{"count":1,"href":"https:\/\/blog.ilgiornale.it\/ruzzo\/wp-json\/wp\/v2\/posts\/26930\/revisions"}],"predecessor-version":[{"id":26932,"href":"https:\/\/blog.ilgiornale.it\/ruzzo\/wp-json\/wp\/v2\/posts\/26930\/revisions\/26932"}],"wp:attachment":[{"href":"https:\/\/blog.ilgiornale.it\/ruzzo\/wp-json\/wp\/v2\/media?parent=26930"}],"wp:term":[{"taxonomy":"category","embeddable":true,"href":"https:\/\/blog.ilgiornale.it\/ruzzo\/wp-json\/wp\/v2\/categories?post=26930"},{"taxonomy":"post_tag","embeddable":true,"href":"https:\/\/blog.ilgiornale.it\/ruzzo\/wp-json\/wp\/v2\/tags?post=26930"}],"curies":[{"name":"wp","href":"https:\/\/api.w.org\/{rel}","templated":true}]}}