{"id":26943,"date":"2019-10-20T22:49:43","date_gmt":"2019-10-20T20:49:43","guid":{"rendered":"https:\/\/blog.ilgiornale.it\/ruzzo\/?p=26943"},"modified":"2019-10-20T23:18:21","modified_gmt":"2019-10-20T21:18:21","slug":"dal-vigorelli-al-ghisallo-il-profumo-del-ciclismo","status":"publish","type":"post","link":"https:\/\/blog.ilgiornale.it\/ruzzo\/2019\/10\/20\/dal-vigorelli-al-ghisallo-il-profumo-del-ciclismo\/","title":{"rendered":"Dal Vigorelli al Ghisallo: il profumo del ciclismo"},"content":{"rendered":"<p><a href=\"https:\/\/blog.ilgiornale.it\/ruzzo\/files\/2019\/10\/fre.jpg\"><img loading=\"lazy\" class=\"alignleft size-medium wp-image-26944\" src=\"https:\/\/blog.ilgiornale.it\/ruzzo\/files\/2019\/10\/fre-300x225.jpg\" alt=\"fre\" width=\"300\" height=\"225\" srcset=\"https:\/\/blog.ilgiornale.it\/ruzzo\/files\/2019\/10\/fre-300x225.jpg 300w, https:\/\/blog.ilgiornale.it\/ruzzo\/files\/2019\/10\/fre-1024x768.jpg 1024w, https:\/\/blog.ilgiornale.it\/ruzzo\/files\/2019\/10\/fre.jpg 1588w\" sizes=\"(max-width: 300px) 100vw, 300px\" \/><\/a>Quando il ciclismo profuma lo capisci al volo. E dal Vigorelli al Ghisallo c&#8217;\u00e8 profumo di buono. Che non \u00e8 il profumo del legno, dei listelli che han fatto la storia. Non \u00e8 il profumo antico della lana grossa delle maglie rosa che stanno gi\u00f9 dalla seconda rampa nel museo di Magreglio. Non solo quello almeno. La <strong>Vigorelli-Ghisallo<\/strong> profuma di ciclismo perch\u00e8 \u00e8 un atto d&#8217;amore, un omaggio disinteressato\u00a0 ad uno sport popolare che sa apprezzare la fatica di chi pedala ma anche di chi si fa in quattro per permettere agli altri di pedalare magari perdendoci il sonno. La differenza \u00e8 quasi tutta qui. E quando il ciclismo profuma di buono lo capisci al volo perch\u00e8 \u00e8 lontano dalle logiche del business, perch\u00e8 ti d\u00e0 tutto ci\u00f2 che ha e tutto ci\u00f2 che pu\u00f2, perch\u00e8 ti mette a tuo agio. Allora c&#8217;\u00e8 ciclismo quando entri al Vigorelli e resti per un po&#8217; imbambolato a guardarti attorno anche se non \u00e8 la prima volta, anche se non \u00e8 cambiato nulla o forse proprio per quello. C&#8217;\u00e8 ciclismo quando trovi il camioncino della Faema che ti offre un caff\u00e8 che non \u00e8 solo quello perch\u00e8\u00a0 quel caff\u00e8 la storia l&#8217;ha scritta sulle maglie di Eddy Merckx. E lo sanno tutti. C&#8217;\u00e8 ciclismo quando ti ritrovi fianco a fianco a campioni olimpici e mondiali, a vincitori di Giri d&#8217;Italia, a direttori sportivi, quando ti superano le ammiraglie della Mitchelton Scott, della Trek, della\u00a0Deceuninck-Quick Step. C&#8217;\u00e8 tanto ciclismo quando lasci il Velodromo e pedali verso il Ghisallo che non sono 70 0 90 chilometri, sono un&#8217;idea affascinante, un viaggio che mette insieme un sacco di cose, una piccola avventura a pedali che ognuno scrive come vuole, con una bici da diecimila euro ma anche con il &#8220;cancello&#8221; del cuore o con una bici da passeggio che sembra impossibile e invece si pu\u00f2. Tutti uguali, qui funziona cos\u00ec: basta esserci, basta pedalare anche se piove, anche se diluvia, sei hai mani e piedi zuppi, se qualche auto ti fa il pelo. C&#8217;\u00e8 ciclismo nelle facce, nelle gambe, nei racconti di chi non conosci, di chi incontri, di chi rivedi e magari non te l&#8217;aspettavi.\u00a0 C&#8217;\u00e8 ciclismo quando ti avvicini al Ghisallo,\u00a0 quando sali tornante su tornante, quando arrivi in cima\u00a0 ed entri in quella\u00a0\u00a0chiesetta dove ci sono le bici di Fausto, Gino e Felice&#8230; C&#8217;\u00e8 ciclismo quando scendi le scale del Museo che \u00e8 un gioiello tra le montagne ma che forse neppure Fiorenzo Magni sognava cos\u00ec ben allestito, organizzato e ben tenuto. C&#8217;\u00e8 ciclismo e c&#8217;\u00e8 passione che non \u00e8 scontato: e infatti si vede. C&#8217;\u00e8 ciclismo in un panino al prosciutto, in un piatto di riso, in una birra e in un cappellino nero che vale quel che vale ma \u00e8 molto di pi\u00f9 di ci\u00f2 che sembra. Perch\u00e8 \u00e8 il pensiero che conta, cos\u00ec si dice&#8230; In realt\u00e0 d\u00e0 il senso a una giornata dove anche la pioggia profuma di buono.<\/p>\n","protected":false},"excerpt":{"rendered":"<p><p>Quando il ciclismo profuma lo capisci al volo. E dal Vigorelli al Ghisallo c&#8217;\u00e8 profumo di buono. Che non \u00e8 il profumo del legno, dei listelli che han fatto la storia. Non \u00e8 il profumo antico della lana grossa delle maglie rosa che stanno gi\u00f9 dalla seconda rampa nel museo di Magreglio. Non solo quello almeno. La Vigorelli-Ghisallo profuma di ciclismo perch\u00e8 \u00e8 un atto d&#8217;amore, un omaggio disinteressato\u00a0 ad uno sport popolare che sa apprezzare la fatica di chi pedala ma anche di chi si fa in quattro per permettere agli altri di pedalare magari perdendoci il sonno. La [&hellip;]<\/p>\n&nbsp;&nbsp;<div class=\"readmore\"><a href=\"https:\/\/blog.ilgiornale.it\/ruzzo\/2019\/10\/20\/dal-vigorelli-al-ghisallo-il-profumo-del-ciclismo\/\">Continua a leggere...<\/a><\/div><\/p>","protected":false},"author":956,"featured_media":0,"comment_status":"open","ping_status":"closed","sticky":false,"template":"","format":"standard","meta":[],"categories":[1],"tags":[],"_links":{"self":[{"href":"https:\/\/blog.ilgiornale.it\/ruzzo\/wp-json\/wp\/v2\/posts\/26943"}],"collection":[{"href":"https:\/\/blog.ilgiornale.it\/ruzzo\/wp-json\/wp\/v2\/posts"}],"about":[{"href":"https:\/\/blog.ilgiornale.it\/ruzzo\/wp-json\/wp\/v2\/types\/post"}],"author":[{"embeddable":true,"href":"https:\/\/blog.ilgiornale.it\/ruzzo\/wp-json\/wp\/v2\/users\/956"}],"replies":[{"embeddable":true,"href":"https:\/\/blog.ilgiornale.it\/ruzzo\/wp-json\/wp\/v2\/comments?post=26943"}],"version-history":[{"count":2,"href":"https:\/\/blog.ilgiornale.it\/ruzzo\/wp-json\/wp\/v2\/posts\/26943\/revisions"}],"predecessor-version":[{"id":26946,"href":"https:\/\/blog.ilgiornale.it\/ruzzo\/wp-json\/wp\/v2\/posts\/26943\/revisions\/26946"}],"wp:attachment":[{"href":"https:\/\/blog.ilgiornale.it\/ruzzo\/wp-json\/wp\/v2\/media?parent=26943"}],"wp:term":[{"taxonomy":"category","embeddable":true,"href":"https:\/\/blog.ilgiornale.it\/ruzzo\/wp-json\/wp\/v2\/categories?post=26943"},{"taxonomy":"post_tag","embeddable":true,"href":"https:\/\/blog.ilgiornale.it\/ruzzo\/wp-json\/wp\/v2\/tags?post=26943"}],"curies":[{"name":"wp","href":"https:\/\/api.w.org\/{rel}","templated":true}]}}