{"id":26947,"date":"2019-10-21T20:13:02","date_gmt":"2019-10-21T18:13:02","guid":{"rendered":"https:\/\/blog.ilgiornale.it\/ruzzo\/?p=26947"},"modified":"2019-10-21T20:13:02","modified_gmt":"2019-10-21T18:13:02","slug":"maratona-di-roma-la-storia-resta-ma-la-rivoluzione-e-cominciata","status":"publish","type":"post","link":"https:\/\/blog.ilgiornale.it\/ruzzo\/2019\/10\/21\/maratona-di-roma-la-storia-resta-ma-la-rivoluzione-e-cominciata\/","title":{"rendered":"Maratona di Roma, la storia resta ma la rivoluzione \u00e8 cominciata"},"content":{"rendered":"<p><a href=\"https:\/\/blog.ilgiornale.it\/ruzzo\/files\/2019\/10\/rome.jpg\"><img loading=\"lazy\" class=\"alignleft size-medium wp-image-26948\" src=\"https:\/\/blog.ilgiornale.it\/ruzzo\/files\/2019\/10\/rome-300x197.jpg\" alt=\"rome\" width=\"300\" height=\"197\" srcset=\"https:\/\/blog.ilgiornale.it\/ruzzo\/files\/2019\/10\/rome-300x197.jpg 300w, https:\/\/blog.ilgiornale.it\/ruzzo\/files\/2019\/10\/rome.jpg 962w\" sizes=\"(max-width: 300px) 100vw, 300px\" \/><\/a>Non cambia solo il nome. Cambia un po&#8217; tutto anche se la storia resta perch\u00e8 Roma \u00e8 Roma e sopravvive al tempo e agli eventi. La XXVI edizione della maratona che si correr\u00e0 domenica 29 marzo diventa cos\u00ec <strong>&#8220;Run Rome the marathon&#8221;<\/strong> e , dopo le note vicissitudini della passata stagione, non \u00e8 solo un<em> maquillage<\/em> ma un deciso cambio di rotta.\u00a0 E&#8217; l&#8217;inizio di una nuova avventura e di un nuovo corso per un appuntamento dalla grande tradizione e dall&#8217;appeal infinito che volta pagina e riparte gestito da un consorzio nuovo di zecca formato da <strong>Infront, Corriere dello Sport-Stadio, Italia Marathon Club e Atielle.<\/strong> &#8220;Sar\u00e0 un evento per i maratoneti ma sar\u00e0 soprattutto un evento per tutti- spiegano gli organizzatori- Tra le novit\u00e0 c&#8217;\u00e8 infatti\u00a0 la nuova\u00a0Run4Rome Relay, la\u00a0maratona in staffetta per team da 4 persone,\u00a0legata ad un programma di charity, che si svolger\u00e0 sempre domenica mattina in modo che tutti, anche i neofiti, anche coloro che amano correre distanze meno impegnative della 42 km, possano essere protagonisti e sognare a loro volta un traguardo insieme ai compagni di avventura per conquistare la mitica medaglia. Non solo. Ci sar\u00e0 spazio anche per le famiglie cos\u00ec come \u00e8 avvenuto in passato con la stracittadina di 4,5 chilometri che si correr\u00e0 il sabato\u00a0 che per molti pu\u00f2 essere anche\u00a0solo una camminata a passo libero nel segno del divertimento e del benessere&#8221;.\u00a0 <strong>Run Rome The Marathon<\/strong> quindi riparte. Si tiene ben stretto il prestigioso\u00a0<strong>Silver Label Iaaf<\/strong>,\u00a0 le migliaia di appassionati che arriveranno dall&#8217;Italia ma soprattutto i tantissimi stranieri provenienti dall\u2019estero che negli anni passati sono arrivati ad essere fino al 45 per cento degli iscritti. Non \u00e8 un caso. &#8220;Chi viene a correre a Roma ha la sensazione di tornare indietro di duemila anni, nella storia di\u00a0Roma Caput Mundi, nel suo Impero e nella sua immensit\u00e0 di Citt\u00e0 Eterna- spiegano gli organizzatori- Questa corsa \u00e8 un viaggio<strong>\u00a0<\/strong>viaggio di 42 chilometri tra decine di siti storici unici al mondo, con un percorso che va dal Colosseo ai Fori Imperiali, da Castel Sant\u2019Angelo alla basilica di San Pietro, da piazza Navona a piazza di Spagna, piazza del Popolo, piazza Venezia, il Lungotevere e i suoi famosi ponti che l\u2019attraversano, l\u2019Arco di Costantino e tanto altro.\u00a0I maratoneti si sentiranno come invincibili gladiatori&#8230;&#8221;. Difficile negarlo. Difficile pensare che chi viene a Roma a correre non lo faccia anche perch\u00e8 sedotto dalla sua storia. Le\u00a0iscrizioni si sono aperte nei giorni scorsi e i prezzi vanno da 55 euro, per chi si registra entro il 31 dicembre, a 70 euro (dal 1 al 31 gennaio), a 80 (dal 1 al 28 febbraio), a 95 euro (dal 29 febbraio al 15 marzo). C&#8217;\u00e8 anche un sito tutto nuovo\u00a0<a href=\"https:\/\/www.runromethemarathon.com\/\">https:\/\/www.runromethemarathon.com\/<\/a>\u00a0a testimoniare che la storia resta ma la rivoluzione \u00e8 cominciata.<\/p>\n","protected":false},"excerpt":{"rendered":"<p><p>Non cambia solo il nome. Cambia un po&#8217; tutto anche se la storia resta perch\u00e8 Roma \u00e8 Roma e sopravvive al tempo e agli eventi. La XXVI edizione della maratona che si correr\u00e0 domenica 29 marzo diventa cos\u00ec &#8220;Run Rome the marathon&#8221; e , dopo le note vicissitudini della passata stagione, non \u00e8 solo un maquillage ma un deciso cambio di rotta.\u00a0 E&#8217; l&#8217;inizio di una nuova avventura e di un nuovo corso per un appuntamento dalla grande tradizione e dall&#8217;appeal infinito che volta pagina e riparte gestito da un consorzio nuovo di zecca formato da Infront, Corriere dello Sport-Stadio, [&hellip;]<\/p>\n&nbsp;&nbsp;<div class=\"readmore\"><a href=\"https:\/\/blog.ilgiornale.it\/ruzzo\/2019\/10\/21\/maratona-di-roma-la-storia-resta-ma-la-rivoluzione-e-cominciata\/\">Continua a leggere...<\/a><\/div><\/p>","protected":false},"author":956,"featured_media":0,"comment_status":"open","ping_status":"closed","sticky":false,"template":"","format":"standard","meta":[],"categories":[1],"tags":[],"_links":{"self":[{"href":"https:\/\/blog.ilgiornale.it\/ruzzo\/wp-json\/wp\/v2\/posts\/26947"}],"collection":[{"href":"https:\/\/blog.ilgiornale.it\/ruzzo\/wp-json\/wp\/v2\/posts"}],"about":[{"href":"https:\/\/blog.ilgiornale.it\/ruzzo\/wp-json\/wp\/v2\/types\/post"}],"author":[{"embeddable":true,"href":"https:\/\/blog.ilgiornale.it\/ruzzo\/wp-json\/wp\/v2\/users\/956"}],"replies":[{"embeddable":true,"href":"https:\/\/blog.ilgiornale.it\/ruzzo\/wp-json\/wp\/v2\/comments?post=26947"}],"version-history":[{"count":1,"href":"https:\/\/blog.ilgiornale.it\/ruzzo\/wp-json\/wp\/v2\/posts\/26947\/revisions"}],"predecessor-version":[{"id":26949,"href":"https:\/\/blog.ilgiornale.it\/ruzzo\/wp-json\/wp\/v2\/posts\/26947\/revisions\/26949"}],"wp:attachment":[{"href":"https:\/\/blog.ilgiornale.it\/ruzzo\/wp-json\/wp\/v2\/media?parent=26947"}],"wp:term":[{"taxonomy":"category","embeddable":true,"href":"https:\/\/blog.ilgiornale.it\/ruzzo\/wp-json\/wp\/v2\/categories?post=26947"},{"taxonomy":"post_tag","embeddable":true,"href":"https:\/\/blog.ilgiornale.it\/ruzzo\/wp-json\/wp\/v2\/tags?post=26947"}],"curies":[{"name":"wp","href":"https:\/\/api.w.org\/{rel}","templated":true}]}}