{"id":26955,"date":"2019-10-26T16:13:09","date_gmt":"2019-10-26T14:13:09","guid":{"rendered":"https:\/\/blog.ilgiornale.it\/ruzzo\/?p=26955"},"modified":"2019-10-26T16:13:09","modified_gmt":"2019-10-26T14:13:09","slug":"la-maratona-contro-parkinson-e-sclerosi","status":"publish","type":"post","link":"https:\/\/blog.ilgiornale.it\/ruzzo\/2019\/10\/26\/la-maratona-contro-parkinson-e-sclerosi\/","title":{"rendered":"La maratona contro Parkinson e sclerosi"},"content":{"rendered":"<p><a href=\"https:\/\/blog.ilgiornale.it\/ruzzo\/files\/2019\/10\/rosa.jpg\"><img loading=\"lazy\" class=\"alignleft size-medium wp-image-26960\" src=\"https:\/\/blog.ilgiornale.it\/ruzzo\/files\/2019\/10\/rosa-208x300.jpg\" alt=\"rosa\" width=\"208\" height=\"300\" srcset=\"https:\/\/blog.ilgiornale.it\/ruzzo\/files\/2019\/10\/rosa-208x300.jpg 208w, https:\/\/blog.ilgiornale.it\/ruzzo\/files\/2019\/10\/rosa.jpg 418w\" sizes=\"(max-width: 208px) 100vw, 208px\" \/><\/a>\u00abA New York ho avuto la fortuna di vivere per ben 11 volte l&#8217;emozione della vittoria con i miei atleti ma ora ho l&#8217;opportunit\u00e0 di provare emozioni altrettanto intense grazie agli atleti speciali che accompagno, imparando a conoscere le loro storie di vita, segnate dalla malattia o dalla disabilit\u00e0\u00bb. Parte da Brescia la nuova avventura di <strong>Gabriele Rosa,<\/strong> medico cardiologo ma da sempre allenatore dei pi\u00f9 forti maratoneti in circolazione che porter\u00e0 il prossimo 3 novembre alcuni atleti speciali a correre la maratona pi\u00f9 famosa del mondo.<\/p>\n<p><strong>\u00abRoad to New York\u00bb riunisce 4 progetti:<\/strong> \u00abSevuoipuoi\u00bb con i runner affetti da sclerosi multipla, Parkinson&amp;Sport, Ior (Istituto Oncologico Romagnolo) e Cooperativa sociale Albergo Etico con i ragazzi affetti da sindrome down. L&#8217;Associazione Sevuoipuoi sar\u00e0 capitanata dalla Presidente Maria Luisa Garatti che, grazie all&#8217;incontro con il dottor Rosa avvenuto tre anni fa ha dato il via ad un progetto pilota che vede l&#8217;applicazione di un&#8217;attivit\u00e0 di corsa di lunga durata in soggetti affetti da sclerosi multipla per dimostrare gli effetti positivi dell&#8217;attivit\u00e0 motoria, sia dal punto di vista del miglioramento delle prestazioni fisiche che psicologiche. In collaborazione con l&#8217;Istituto Superiore della Sanit\u00e0, \u00e8 ora in fase di valutazione la realizzazione di uno studio che si propone di affiancare alle cure tradizionali lo stimolo fisico e psicologico che pu\u00f2 derivare dal praticare attivit\u00e0 sportiva nei pazienti affetti da sclerosi multipla.<\/p>\n<p><strong>Pi\u00f9 recente \u00e8 l&#8217;incontro con il bresciano Stefano Ghidotti,<\/strong> Presidente dell&#8217;Associazione Parkinson&amp; Sport, che far\u00e0 rotta su New York con altri due compagni di viaggio, Edoardo Leotta di Bologna e Alfonso Ruocco. Anche per loro la sfida della malattia si combatte con la corsa chem per i malati di Parkinson se eseguita in maniera corretta e supervisionata, \u00e8 considerata un mezzo per ostacolare e alleviare in modo significativo i sintomi della patologia. Move your Life \u00e8 invece il progetto a cui Ior (Istituto oncologico Romagnolo) ha dato vita qualche anno fa per promuovere i benefici dell&#8217;attivit\u00e0 fisica non solo come arma di prevenzione, ma come strumento per migliorare l&#8217;efficacia delle terapie oncologiche, diminuendo l&#8217;impatto degli effetti collaterali nei pazienti.<\/p>\n","protected":false},"excerpt":{"rendered":"<p><p>\u00abA New York ho avuto la fortuna di vivere per ben 11 volte l&#8217;emozione della vittoria con i miei atleti ma ora ho l&#8217;opportunit\u00e0 di provare emozioni altrettanto intense grazie agli atleti speciali che accompagno, imparando a conoscere le loro storie di vita, segnate dalla malattia o dalla disabilit\u00e0\u00bb. Parte da Brescia la nuova avventura di Gabriele Rosa, medico cardiologo ma da sempre allenatore dei pi\u00f9 forti maratoneti in circolazione che porter\u00e0 il prossimo 3 novembre alcuni atleti speciali a correre la maratona pi\u00f9 famosa del mondo. \u00abRoad to New York\u00bb riunisce 4 progetti: \u00abSevuoipuoi\u00bb con i runner affetti da [&hellip;]<\/p>\n&nbsp;&nbsp;<div class=\"readmore\"><a href=\"https:\/\/blog.ilgiornale.it\/ruzzo\/2019\/10\/26\/la-maratona-contro-parkinson-e-sclerosi\/\">Continua a leggere...<\/a><\/div><\/p>","protected":false},"author":956,"featured_media":0,"comment_status":"open","ping_status":"closed","sticky":false,"template":"","format":"standard","meta":[],"categories":[1],"tags":[],"_links":{"self":[{"href":"https:\/\/blog.ilgiornale.it\/ruzzo\/wp-json\/wp\/v2\/posts\/26955"}],"collection":[{"href":"https:\/\/blog.ilgiornale.it\/ruzzo\/wp-json\/wp\/v2\/posts"}],"about":[{"href":"https:\/\/blog.ilgiornale.it\/ruzzo\/wp-json\/wp\/v2\/types\/post"}],"author":[{"embeddable":true,"href":"https:\/\/blog.ilgiornale.it\/ruzzo\/wp-json\/wp\/v2\/users\/956"}],"replies":[{"embeddable":true,"href":"https:\/\/blog.ilgiornale.it\/ruzzo\/wp-json\/wp\/v2\/comments?post=26955"}],"version-history":[{"count":2,"href":"https:\/\/blog.ilgiornale.it\/ruzzo\/wp-json\/wp\/v2\/posts\/26955\/revisions"}],"predecessor-version":[{"id":26961,"href":"https:\/\/blog.ilgiornale.it\/ruzzo\/wp-json\/wp\/v2\/posts\/26955\/revisions\/26961"}],"wp:attachment":[{"href":"https:\/\/blog.ilgiornale.it\/ruzzo\/wp-json\/wp\/v2\/media?parent=26955"}],"wp:term":[{"taxonomy":"category","embeddable":true,"href":"https:\/\/blog.ilgiornale.it\/ruzzo\/wp-json\/wp\/v2\/categories?post=26955"},{"taxonomy":"post_tag","embeddable":true,"href":"https:\/\/blog.ilgiornale.it\/ruzzo\/wp-json\/wp\/v2\/tags?post=26955"}],"curies":[{"name":"wp","href":"https:\/\/api.w.org\/{rel}","templated":true}]}}