{"id":26985,"date":"2019-10-30T21:44:04","date_gmt":"2019-10-30T20:44:04","guid":{"rendered":"https:\/\/blog.ilgiornale.it\/ruzzo\/?p=26985"},"modified":"2019-10-30T21:44:04","modified_gmt":"2019-10-30T20:44:04","slug":"ventanni-di-milano-marathon-con-gli-auguri-di-sala","status":"publish","type":"post","link":"https:\/\/blog.ilgiornale.it\/ruzzo\/2019\/10\/30\/ventanni-di-milano-marathon-con-gli-auguri-di-sala\/","title":{"rendered":"Vent&#8217;anni di Milano marathon con gli auguri di Sala"},"content":{"rendered":"<p><a href=\"https:\/\/blog.ilgiornale.it\/ruzzo\/files\/2019\/10\/salamat.jpg\"><img loading=\"lazy\" class=\"alignleft size-medium wp-image-26986\" src=\"https:\/\/blog.ilgiornale.it\/ruzzo\/files\/2019\/10\/salamat-300x190.jpg\" alt=\"salamat\" width=\"300\" height=\"190\" srcset=\"https:\/\/blog.ilgiornale.it\/ruzzo\/files\/2019\/10\/salamat-300x190.jpg 300w, https:\/\/blog.ilgiornale.it\/ruzzo\/files\/2019\/10\/salamat-1024x650.jpg 1024w, https:\/\/blog.ilgiornale.it\/ruzzo\/files\/2019\/10\/salamat.jpg 1328w\" sizes=\"(max-width: 300px) 100vw, 300px\" \/><\/a>Vent&#8217;anni di maratona. E Milano si prepara a far festa. Torna la <strong>Generali Milano Marathon<\/strong> con una partenza fissata per la mattina di domenica 5 aprile da Corso Venezia, dove gli atleti taglieranno anche il traguardo dopo aver corso per 42 chilometri e spiccioli su un tracciato che presenta anche quest&#8217;anno qualche novit\u00e0 come lo spettacolare attraversamento di CityLife, l\u2019allungamento del tratto all\u2019interno del Parco Industria Alfa Romeo al Portello e del Parco Sempione per mostrare la Milano green e sostenibile e, se compatibile con i lavori in esecuzione all\u2019interno dell\u2019Arena Civica, l\u2019attraversamento dell\u2019Arena stessa. &#8220;\u00c8 un\u2019operazione in linea con il nostro Dna&#8221; ha spiegato <strong>Gabriele Galateri di Genola,<\/strong> presidente di Assicurazioni Generali, a margine della presentazione, questa mattina nell\u2019auditorium di Torre Generali a CityLife a Milano &#8220;La corsa \u00e8 una disciplina davvero attiva e accessibile a tutti e per questo la sponsorizziamo, non solo in Italia, ma anche in Germania, in Svizzera, in Malesia o Indonesia, in un discorso molto trasversale\u00bb. Presente anche il sindaco di Milano, Giuseppe Sala, che ha spiegato come \u00abappena pochi anni fa i milanesi storcevano di pi\u00f9 il naso per queste maratone. Oggi invece siamo abituati a questi eventi e abbiamo capito che per Milano \u00e8 importante la reputazione e l\u2019immagine. Una citt\u00e0 accogliente dove organizzare questi eventi \u00e8 un bene per tutti: \u00e8 un bene per il Comune, ma anche per le aziende, che sono partecipi del momento della citt\u00e0. Quindi \u00e8 importante avere Generali e Rcs al nostro fianco\u00bb. Per la Generali Milano M<span style=\"color: #000000\">arathon<\/span> sono tanti i numeri e i record raccolti nella sua lunga storia, soprattutto recente, a partire dal 2h04\u201946 realizzato lo scorso aprile dal keniano <strong>Titus Ekiru,<\/strong> nuovo record\u00a0 sul suolo italiano e undicesimo tempo mondiale della stagione a oggi, e dal 2h22\u201925 della vincitrice della scorsa gara femminile, <strong>Vivian Kiplagat,<\/strong> anche in questo caso la miglior prestazione\u00a0 realizzata in Italia. Nell&#8217;ultima edizione\u00a0partecipanti sono stati 7.623 e oltre 6.300 quelli che sono arrivati al traguardo. Infine \u00e8 stata di 1,3 milioni di euro la cifra raccolta a favore delle Onp partecipanti al Charity Program della Generali Milano <span style=\"color: #000000\">Marathon<\/span>, che colloca la corsa meneghina tra i primissimi eventi sportivi charity nel panorama europeo.<\/p>\n","protected":false},"excerpt":{"rendered":"<p><p>Vent&#8217;anni di maratona. E Milano si prepara a far festa. Torna la Generali Milano Marathon con una partenza fissata per la mattina di domenica 5 aprile da Corso Venezia, dove gli atleti taglieranno anche il traguardo dopo aver corso per 42 chilometri e spiccioli su un tracciato che presenta anche quest&#8217;anno qualche novit\u00e0 come lo spettacolare attraversamento di CityLife, l\u2019allungamento del tratto all\u2019interno del Parco Industria Alfa Romeo al Portello e del Parco Sempione per mostrare la Milano green e sostenibile e, se compatibile con i lavori in esecuzione all\u2019interno dell\u2019Arena Civica, l\u2019attraversamento dell\u2019Arena stessa. &#8220;\u00c8 un\u2019operazione in linea con [&hellip;]<\/p>\n&nbsp;&nbsp;<div class=\"readmore\"><a href=\"https:\/\/blog.ilgiornale.it\/ruzzo\/2019\/10\/30\/ventanni-di-milano-marathon-con-gli-auguri-di-sala\/\">Continua a leggere...<\/a><\/div><\/p>","protected":false},"author":956,"featured_media":0,"comment_status":"open","ping_status":"closed","sticky":false,"template":"","format":"standard","meta":[],"categories":[1],"tags":[],"_links":{"self":[{"href":"https:\/\/blog.ilgiornale.it\/ruzzo\/wp-json\/wp\/v2\/posts\/26985"}],"collection":[{"href":"https:\/\/blog.ilgiornale.it\/ruzzo\/wp-json\/wp\/v2\/posts"}],"about":[{"href":"https:\/\/blog.ilgiornale.it\/ruzzo\/wp-json\/wp\/v2\/types\/post"}],"author":[{"embeddable":true,"href":"https:\/\/blog.ilgiornale.it\/ruzzo\/wp-json\/wp\/v2\/users\/956"}],"replies":[{"embeddable":true,"href":"https:\/\/blog.ilgiornale.it\/ruzzo\/wp-json\/wp\/v2\/comments?post=26985"}],"version-history":[{"count":1,"href":"https:\/\/blog.ilgiornale.it\/ruzzo\/wp-json\/wp\/v2\/posts\/26985\/revisions"}],"predecessor-version":[{"id":26987,"href":"https:\/\/blog.ilgiornale.it\/ruzzo\/wp-json\/wp\/v2\/posts\/26985\/revisions\/26987"}],"wp:attachment":[{"href":"https:\/\/blog.ilgiornale.it\/ruzzo\/wp-json\/wp\/v2\/media?parent=26985"}],"wp:term":[{"taxonomy":"category","embeddable":true,"href":"https:\/\/blog.ilgiornale.it\/ruzzo\/wp-json\/wp\/v2\/categories?post=26985"},{"taxonomy":"post_tag","embeddable":true,"href":"https:\/\/blog.ilgiornale.it\/ruzzo\/wp-json\/wp\/v2\/tags?post=26985"}],"curies":[{"name":"wp","href":"https:\/\/api.w.org\/{rel}","templated":true}]}}