{"id":26995,"date":"2019-11-01T20:02:05","date_gmt":"2019-11-01T19:02:05","guid":{"rendered":"https:\/\/blog.ilgiornale.it\/ruzzo\/?p=26995"},"modified":"2019-11-01T20:02:05","modified_gmt":"2019-11-01T19:02:05","slug":"i-giochi-e-lhockey-salvano-il-palasharp","status":"publish","type":"post","link":"https:\/\/blog.ilgiornale.it\/ruzzo\/2019\/11\/01\/i-giochi-e-lhockey-salvano-il-palasharp\/","title":{"rendered":"I Giochi e l&#8217;hockey salvano il Palasharp"},"content":{"rendered":"<p><a href=\"https:\/\/blog.ilgiornale.it\/ruzzo\/files\/2019\/11\/sharp.jpg\"><img loading=\"lazy\" class=\"alignleft size-medium wp-image-26996\" src=\"https:\/\/blog.ilgiornale.it\/ruzzo\/files\/2019\/11\/sharp-209x300.jpg\" alt=\"sharp\" width=\"209\" height=\"300\" srcset=\"https:\/\/blog.ilgiornale.it\/ruzzo\/files\/2019\/11\/sharp-209x300.jpg 209w, https:\/\/blog.ilgiornale.it\/ruzzo\/files\/2019\/11\/sharp.jpg 603w\" sizes=\"(max-width: 209px) 100vw, 209px\" \/><\/a>C&#8217;era una volta il Palasharp e ci sar\u00e0 ancora. Potere delle olimpiadi, potere dei Giochi invernali 2026 che riportano un po&#8217; si speranza nella fatiscente struttura di via Sant&#8221;Elia oggi desolato ricovero per qualche senzatetto.\u00a0Un futuro olimpico e di sport ma anche di concerti, di musica e di eventi come poi \u00e8 sempre stato. Che negli anni che hanno visto il \u00abtendone\u00bb milanese ospitare il grande basket ma anche gruppi indimenticabili del grande rock e non solo. Qualcosa si muove. La giunta ha approvato una delibera, che passer\u00e0 successivamente in Consiglio Comunale e che di fatto cancella l&#8217;ipotesi di demolizione che da qualche anno si stagliava minacciosamente all&#8217;orizzonte. Si stabilisce infatti l&#8217;acquisizione al patrimonio comunale della struttura che nei programmi dei Giochi invernali Milano-Cortina 2026 dovrebbe ospitare una serie di gare olimpiche E&#8217; di fatto il via libera alla definizione del progetto di ristrutturazione e di riqualificazione del palazzetto che presto potrebbe concretizzarsi in un bando \u00abQuesta delibera si \u00e8 resa necessaria per le vicissitudini amministrative che hanno interessato il PalaSharp negli ultimi anni e per sancire la volont\u00e0 del Comune di Milano riqualificare la struttura e restituirla rinnovata alla comunit\u00e0- sp\u00e8iega l&#8217;assessore allo sport Roberta Guaineri- Il fatto poi che l&#8217;impianto sia inserito nelle sedi di gara di Milano Cortina 2026 dar\u00e0 ulteriore energia e impulso a procedere celermente con i lavori\u00bb. Il Palasharp rientrer\u00e0 quindi a tutti gli effetti nel patrimonio di Palazzo Marino e ospiter\u00e0 le gare di Hockey femminile e Parahockey ai Giochi Olimpici e Paralimpici invernali del 2026, come previsto nel dossier di candidatura di Milano Cortina. Rinominato negli anni PalaTrussardi e PalaVobis, fu realizzato in via Sant&#8217;Elia nel 1986 in seguito al crollo del Palazzetto dello Sport ed \u00e8 stato attivo fino al 2011. La sua storia \u00e8 stata caratterizzata da una serie di contenziosi con la propriet\u00e0 dell&#8217;area limitrofa, legati alla natura temporanea del manufatto; questo ha portato nel 2013 a propendere per la demolizione. Con questa delibera l&#8217;Amministrazione procede invece alla piena acquisizione della struttura al patrimonio comunale, in conformit\u00e0 con gli standard urbanistici previsti nel Piano di Governo del Territorio vigente e con quello approvato il 14 ottobre 2019 che entrer\u00e0 in vigore a fine anno. Il palazzetto, infatti, insiste su terreno comunale ma ad oggi \u00e8 ancora privo di titolo, essendo stato inizialmente concepito con funzione temporanea. \u00abL&#8217;ex Palasharp dichiara l&#8217;assessore all&#8217;Urbanistica Pierfrancesco Maran \u00e8 stato per anni uno dei luoghi pi\u00f9 critici della citt\u00e0 anche a causa delle occupazioni abusive e dell&#8217;assenza di progetti. Ora finalmente c&#8217;\u00e8 un cambio di marcia. Nei mesi scorsi il palazzetto \u00e8 stato messo in sicurezza e grazie al volano delle Olimpiadi torner\u00e0 ad essere un luogo dello sport e della musica per tutti i milanesi\u00bb.<\/p>\n","protected":false},"excerpt":{"rendered":"<p><p>C&#8217;era una volta il Palasharp e ci sar\u00e0 ancora. Potere delle olimpiadi, potere dei Giochi invernali 2026 che riportano un po&#8217; si speranza nella fatiscente struttura di via Sant&#8221;Elia oggi desolato ricovero per qualche senzatetto.\u00a0Un futuro olimpico e di sport ma anche di concerti, di musica e di eventi come poi \u00e8 sempre stato. Che negli anni che hanno visto il \u00abtendone\u00bb milanese ospitare il grande basket ma anche gruppi indimenticabili del grande rock e non solo. Qualcosa si muove. La giunta ha approvato una delibera, che passer\u00e0 successivamente in Consiglio Comunale e che di fatto cancella l&#8217;ipotesi di demolizione [&hellip;]<\/p>\n&nbsp;&nbsp;<div class=\"readmore\"><a href=\"https:\/\/blog.ilgiornale.it\/ruzzo\/2019\/11\/01\/i-giochi-e-lhockey-salvano-il-palasharp\/\">Continua a leggere...<\/a><\/div><\/p>","protected":false},"author":956,"featured_media":0,"comment_status":"open","ping_status":"closed","sticky":false,"template":"","format":"standard","meta":[],"categories":[1],"tags":[],"_links":{"self":[{"href":"https:\/\/blog.ilgiornale.it\/ruzzo\/wp-json\/wp\/v2\/posts\/26995"}],"collection":[{"href":"https:\/\/blog.ilgiornale.it\/ruzzo\/wp-json\/wp\/v2\/posts"}],"about":[{"href":"https:\/\/blog.ilgiornale.it\/ruzzo\/wp-json\/wp\/v2\/types\/post"}],"author":[{"embeddable":true,"href":"https:\/\/blog.ilgiornale.it\/ruzzo\/wp-json\/wp\/v2\/users\/956"}],"replies":[{"embeddable":true,"href":"https:\/\/blog.ilgiornale.it\/ruzzo\/wp-json\/wp\/v2\/comments?post=26995"}],"version-history":[{"count":1,"href":"https:\/\/blog.ilgiornale.it\/ruzzo\/wp-json\/wp\/v2\/posts\/26995\/revisions"}],"predecessor-version":[{"id":26997,"href":"https:\/\/blog.ilgiornale.it\/ruzzo\/wp-json\/wp\/v2\/posts\/26995\/revisions\/26997"}],"wp:attachment":[{"href":"https:\/\/blog.ilgiornale.it\/ruzzo\/wp-json\/wp\/v2\/media?parent=26995"}],"wp:term":[{"taxonomy":"category","embeddable":true,"href":"https:\/\/blog.ilgiornale.it\/ruzzo\/wp-json\/wp\/v2\/categories?post=26995"},{"taxonomy":"post_tag","embeddable":true,"href":"https:\/\/blog.ilgiornale.it\/ruzzo\/wp-json\/wp\/v2\/tags?post=26995"}],"curies":[{"name":"wp","href":"https:\/\/api.w.org\/{rel}","templated":true}]}}