{"id":27020,"date":"2019-11-07T13:09:47","date_gmt":"2019-11-07T12:09:47","guid":{"rendered":"https:\/\/blog.ilgiornale.it\/ruzzo\/?p=27020"},"modified":"2019-11-07T13:09:47","modified_gmt":"2019-11-07T12:09:47","slug":"mobilita-il-comune-piu-green-e-pescara","status":"publish","type":"post","link":"https:\/\/blog.ilgiornale.it\/ruzzo\/2019\/11\/07\/mobilita-il-comune-piu-green-e-pescara\/","title":{"rendered":"Mobilit\u00e0, il Comune pi\u00f9 &#8220;green&#8221; \u00e8 Pescara"},"content":{"rendered":"<p><a href=\"https:\/\/blog.ilgiornale.it\/ruzzo\/files\/2019\/11\/via.jpeg\"><img loading=\"lazy\" class=\"alignleft size-medium wp-image-27021\" src=\"https:\/\/blog.ilgiornale.it\/ruzzo\/files\/2019\/11\/via-300x200.jpeg\" alt=\"via\" width=\"300\" height=\"200\" srcset=\"https:\/\/blog.ilgiornale.it\/ruzzo\/files\/2019\/11\/via-300x200.jpeg 300w, https:\/\/blog.ilgiornale.it\/ruzzo\/files\/2019\/11\/via-1024x683.jpeg 1024w, https:\/\/blog.ilgiornale.it\/ruzzo\/files\/2019\/11\/via.jpeg 1200w\" sizes=\"(max-width: 300px) 100vw, 300px\" \/><\/a>\u00c8 Pescara il Comune italiano pi\u00f9 green per la mobilit\u00e0 del 2019. A convincere la giuria dell&#8217;Urban Award, il contest nazionale ideato da Ludovica Casellati, direttore responsabile di Viagginbici.com, e organizzato con Anci, che premia ogni anno i migliori progetti di mobilit\u00e0 sostenibile delle amministrazioni comunali, sono state le iniziative e gli incentivi messi in campo dalla citt\u00e0 natale di D&#8217;Annunzio per coloro che si recano al lavoro in bicicletta. Pescara ha infatti offerto ai dipendenti delle aziende che aderiscono al progetto Bike Trial di utilizzare per un mese una delle 140 city bike o bici pieghevoli, entrambe a pedalata assistita, messe a disposizione gratuitamente dal Comune. Al secondo posto Fiumicino, premiata per la realizzazione di piste ciclabili, stazioni di ricarica E-bike-sharing e pannelli fotovoltaici sulle coperture degli edifici scolastici, mentre al terzo posto si \u00e8 piazzato il Comune di Grisignano di Zocco con la realizzazione di una ciclovia di 8 km e, tra le altre iniziative, l&#8217;introduzione di contributo di 0,25 euro al chilometro per i lavoratori che partono o arrivano a Grisignano per lavoro. Menzione speciale infine a Bari per l&#8217;adozione di incentivi per l&#8217;acquisto di biciclette tradizionali o elettriche per uso urbano e non sportivo.\u00a0 La premiazione \u00e8 avvenuta all&#8217; Eicma, l&#8217;Esposizione internazionale del Ciclo e Motociclo in scena nel quartiere espositivo di Fiera Milano a Rho fino a domenica, all&#8217;interno di un intero pomeriggio dedicato alle due ruote a pedale che ha ospitato anche il terzo appuntamento di BikeEconomy24, il roadshow del Gruppo 24 ORE dedicato all&#8217;economia del mondo delle biciclette. Un appuntamento, che ha fatto tappa proprio in EICMA per parlare con l&#8217;intervento di importanti ospiti tecnici e istituzionali della mobilit\u00e0 urbana e delle prospettive sul fronte turistico con incontro del titolo \u00abMultimobilit\u00e0: come ci muoveremo nel futuro\u00bb.\u00a0 Alla cerimonia di assegnazione del Premio Urban Award ha partecipato anche il Presidente di Eicma. Andrea Dell&#8217;Orto, sottolineando come &#8220;Il Salone un contenitore unico al mondo di passione e ragione, dove la risposta alla nuova domanda di mobilit\u00e0 e l&#8217;attenzione alla sostenibilit\u00e0 sono protagoniste grazie all&#8217;impegno e agli investimenti in ricerca e sviluppo dell&#8217;industria delle due ruote&#8221;. &#8220;Siamo molto orgogliosi \u2013 ha concluso Dell&#8217;Orto \u2013 che Urban Award abbia scelto il nostro appuntamento come teatro ideale per la consegna di questo importante premio nazionale, che contribuisce a far conoscere le realt\u00e0 pi\u00f9 virtuose e i progetti messi in pratica dalle amministrazioni comunali per trasformare le citt\u00e0 in un&#8217;ottica pi\u00f9 green&#8221;.<\/p>\n","protected":false},"excerpt":{"rendered":"<p><p>\u00c8 Pescara il Comune italiano pi\u00f9 green per la mobilit\u00e0 del 2019. A convincere la giuria dell&#8217;Urban Award, il contest nazionale ideato da Ludovica Casellati, direttore responsabile di Viagginbici.com, e organizzato con Anci, che premia ogni anno i migliori progetti di mobilit\u00e0 sostenibile delle amministrazioni comunali, sono state le iniziative e gli incentivi messi in campo dalla citt\u00e0 natale di D&#8217;Annunzio per coloro che si recano al lavoro in bicicletta. Pescara ha infatti offerto ai dipendenti delle aziende che aderiscono al progetto Bike Trial di utilizzare per un mese una delle 140 city bike o bici pieghevoli, entrambe a pedalata [&hellip;]<\/p>\n&nbsp;&nbsp;<div class=\"readmore\"><a href=\"https:\/\/blog.ilgiornale.it\/ruzzo\/2019\/11\/07\/mobilita-il-comune-piu-green-e-pescara\/\">Continua a leggere...<\/a><\/div><\/p>","protected":false},"author":956,"featured_media":0,"comment_status":"open","ping_status":"closed","sticky":false,"template":"","format":"standard","meta":[],"categories":[1],"tags":[],"_links":{"self":[{"href":"https:\/\/blog.ilgiornale.it\/ruzzo\/wp-json\/wp\/v2\/posts\/27020"}],"collection":[{"href":"https:\/\/blog.ilgiornale.it\/ruzzo\/wp-json\/wp\/v2\/posts"}],"about":[{"href":"https:\/\/blog.ilgiornale.it\/ruzzo\/wp-json\/wp\/v2\/types\/post"}],"author":[{"embeddable":true,"href":"https:\/\/blog.ilgiornale.it\/ruzzo\/wp-json\/wp\/v2\/users\/956"}],"replies":[{"embeddable":true,"href":"https:\/\/blog.ilgiornale.it\/ruzzo\/wp-json\/wp\/v2\/comments?post=27020"}],"version-history":[{"count":1,"href":"https:\/\/blog.ilgiornale.it\/ruzzo\/wp-json\/wp\/v2\/posts\/27020\/revisions"}],"predecessor-version":[{"id":27022,"href":"https:\/\/blog.ilgiornale.it\/ruzzo\/wp-json\/wp\/v2\/posts\/27020\/revisions\/27022"}],"wp:attachment":[{"href":"https:\/\/blog.ilgiornale.it\/ruzzo\/wp-json\/wp\/v2\/media?parent=27020"}],"wp:term":[{"taxonomy":"category","embeddable":true,"href":"https:\/\/blog.ilgiornale.it\/ruzzo\/wp-json\/wp\/v2\/categories?post=27020"},{"taxonomy":"post_tag","embeddable":true,"href":"https:\/\/blog.ilgiornale.it\/ruzzo\/wp-json\/wp\/v2\/tags?post=27020"}],"curies":[{"name":"wp","href":"https:\/\/api.w.org\/{rel}","templated":true}]}}