{"id":27047,"date":"2019-11-15T20:26:34","date_gmt":"2019-11-15T19:26:34","guid":{"rendered":"https:\/\/blog.ilgiornale.it\/ruzzo\/?p=27047"},"modified":"2019-11-15T20:28:23","modified_gmt":"2019-11-15T19:28:23","slug":"i-selfie-con-mattarella-degli-azzurri-paralimpici","status":"publish","type":"post","link":"https:\/\/blog.ilgiornale.it\/ruzzo\/2019\/11\/15\/i-selfie-con-mattarella-degli-azzurri-paralimpici\/","title":{"rendered":"I selfie con Mattarella degli azzurri paralimpici"},"content":{"rendered":"<p><a href=\"https:\/\/blog.ilgiornale.it\/ruzzo\/files\/2019\/11\/prmat.jpg\"><img loading=\"lazy\" class=\"alignleft size-medium wp-image-27049\" src=\"https:\/\/blog.ilgiornale.it\/ruzzo\/files\/2019\/11\/prmat-300x166.jpg\" alt=\"prmat\" width=\"300\" height=\"166\" srcset=\"https:\/\/blog.ilgiornale.it\/ruzzo\/files\/2019\/11\/prmat-300x166.jpg 300w, https:\/\/blog.ilgiornale.it\/ruzzo\/files\/2019\/11\/prmat.jpg 643w\" sizes=\"(max-width: 300px) 100vw, 300px\" \/><\/a>Dei ragazzi della nazionale paralimpica di nuoto bisogna guardare bene le facce. Dicono un sacco di cose. Raccontano storie di fatica, di determinazione, di sacrifici, di voglia di vivere e di felicit\u00e0. Ma soprattutto permettono di non generalizzare, che \u00e8 sempre una deriva pericolosa. Cos\u00ec proprio nella sera in cui su Instagram fa il pieno di clic il video di una non bene identificata &#8220;influencer&#8221; pi\u00f9 o meno della loro et\u00e0 che, sfidando le telecamere di piazza del Duomo a Milano, posta una sua bravata che la vede scorrazzare sul sagrato in auto beffando in controlli della polizia,\u00a0 le facce dei ragazzi del nuoto vengono in aiuto.\u00a0 E fanno tirare un sospiro di sollievo nel fare i conti con una generazione digitale che sui social spesso d\u00e0 il peggio di s\u00e8. Certo anche loro (gli azzurri paralimpici) chattano, postano, condividono e fanno selfie. E ieri al Quirinale ne hanno fatti parecchi con il presidente<strong> Sergio Mattarella.<\/strong> Molti sono probabilmente finiti anche sui social ma \u00e8 tutta un&#8217;altra storia. E a raccontarla \u00e8 stato proprio Mattarella: &#8220;Avete dato un grande contributo con questi risultati, avete fatto risuonare tante volte l&#8217;inno nazionale ma il contributo che date alla vita quotidiana \u00e8 altrettanto importante- ha detto il presidente-\u00a0 E&#8217; anche cos\u00ec che il nostro Paese cresce insieme a voi. &#8220;. Questi ragazzi qui, con queste belle facce qui,\u00a0 ai Mondiali di Londra hanno conquistato un cinquantina di medaglie: &#8220;Che sono un bel patrimonio- ha spiegato Matatrella- Anche se poi sono altre due le<em>\u00a0cose <\/em>importanti: il numero sempre pi\u00f9 alto degli atleti della federazione che sono arrivati a 900 e che \u00e8 il segno della partecipazione che cresce nel nuoto paralimpico. Molti ragazzi studiano, alcuni sono gi\u00e0 laureati e\u00a0 questo sentirsi responsabili del loro futuro \u00e8 di straordinaria importanza&#8221;.\u00a0 Nel nuoto paralimpico gli azzurri hanno fatto ci\u00f2 che non si immaginava, hanno battuto nazioni con una cultura paralimpica pi\u00f9 solida e con una storia sportiva che non \u00e8 la nostra. Non era mai successo di metter tutti dietro in un medagliere stellare ed ora nel mirino ci sono i giochi paralimpici di Tokyo nel 2020, ma forse non \u00e8 neppure questo il punto:\u00a0 &#8220;Credo che lo sport paralimpico italiano stia rappresentando questo Paese, non solo per i risultati- ha spiegato\u00a0\u00a0il presidente del\u00a0Comitato Italiano Paralimpico,\u00a0<b>Luca<\/b>\u00a0<b>Pancalli-\u00a0<\/b> Ogni atleta sa che ogni propria parola pu\u00f2 aiutare qualcun altro e cos\u00ec\u00a0 noi mettiamo in moto il capitale umano di un valore sociale importante&#8221;<em>.<\/em> Tutto vero.\u00a0 Per questo ( anche per questo) quando il video di una sedicente influencer che viola il Duomo fa centinaia di migliaia di clic, bisogna guardare bene le facce di questi ragazzi qui, tirare un sospiro di sollievo,\u00a0 e condividere. E chi vuole pu\u00f2 anche applaudire&#8230;<\/p>\n","protected":false},"excerpt":{"rendered":"<p><p>Dei ragazzi della nazionale paralimpica di nuoto bisogna guardare bene le facce. Dicono un sacco di cose. Raccontano storie di fatica, di determinazione, di sacrifici, di voglia di vivere e di felicit\u00e0. Ma soprattutto permettono di non generalizzare, che \u00e8 sempre una deriva pericolosa. Cos\u00ec proprio nella sera in cui su Instagram fa il pieno di clic il video di una non bene identificata &#8220;influencer&#8221; pi\u00f9 o meno della loro et\u00e0 che, sfidando le telecamere di piazza del Duomo a Milano, posta una sua bravata che la vede scorrazzare sul sagrato in auto beffando in controlli della polizia,\u00a0 le facce [&hellip;]<\/p>\n&nbsp;&nbsp;<div class=\"readmore\"><a href=\"https:\/\/blog.ilgiornale.it\/ruzzo\/2019\/11\/15\/i-selfie-con-mattarella-degli-azzurri-paralimpici\/\">Continua a leggere...<\/a><\/div><\/p>","protected":false},"author":956,"featured_media":0,"comment_status":"open","ping_status":"closed","sticky":false,"template":"","format":"standard","meta":[],"categories":[1],"tags":[],"_links":{"self":[{"href":"https:\/\/blog.ilgiornale.it\/ruzzo\/wp-json\/wp\/v2\/posts\/27047"}],"collection":[{"href":"https:\/\/blog.ilgiornale.it\/ruzzo\/wp-json\/wp\/v2\/posts"}],"about":[{"href":"https:\/\/blog.ilgiornale.it\/ruzzo\/wp-json\/wp\/v2\/types\/post"}],"author":[{"embeddable":true,"href":"https:\/\/blog.ilgiornale.it\/ruzzo\/wp-json\/wp\/v2\/users\/956"}],"replies":[{"embeddable":true,"href":"https:\/\/blog.ilgiornale.it\/ruzzo\/wp-json\/wp\/v2\/comments?post=27047"}],"version-history":[{"count":3,"href":"https:\/\/blog.ilgiornale.it\/ruzzo\/wp-json\/wp\/v2\/posts\/27047\/revisions"}],"predecessor-version":[{"id":27051,"href":"https:\/\/blog.ilgiornale.it\/ruzzo\/wp-json\/wp\/v2\/posts\/27047\/revisions\/27051"}],"wp:attachment":[{"href":"https:\/\/blog.ilgiornale.it\/ruzzo\/wp-json\/wp\/v2\/media?parent=27047"}],"wp:term":[{"taxonomy":"category","embeddable":true,"href":"https:\/\/blog.ilgiornale.it\/ruzzo\/wp-json\/wp\/v2\/categories?post=27047"},{"taxonomy":"post_tag","embeddable":true,"href":"https:\/\/blog.ilgiornale.it\/ruzzo\/wp-json\/wp\/v2\/tags?post=27047"}],"curies":[{"name":"wp","href":"https:\/\/api.w.org\/{rel}","templated":true}]}}