{"id":27060,"date":"2019-11-17T21:01:48","date_gmt":"2019-11-17T20:01:48","guid":{"rendered":"https:\/\/blog.ilgiornale.it\/ruzzo\/?p=27060"},"modified":"2019-11-17T21:01:48","modified_gmt":"2019-11-17T20:01:48","slug":"il-team-movistar-veste-italiano-ale","status":"publish","type":"post","link":"https:\/\/blog.ilgiornale.it\/ruzzo\/2019\/11\/17\/il-team-movistar-veste-italiano-ale\/","title":{"rendered":"Il team Movistar veste italiano: Al\u00e8"},"content":{"rendered":"<p><a href=\"https:\/\/blog.ilgiornale.it\/ruzzo\/files\/2019\/11\/al\u00e8.jpg\"><img loading=\"lazy\" class=\"alignleft size-medium wp-image-27061\" src=\"https:\/\/blog.ilgiornale.it\/ruzzo\/files\/2019\/11\/al\u00e8-300x217.jpg\" alt=\"al\u00e8\" width=\"300\" height=\"217\" srcset=\"https:\/\/blog.ilgiornale.it\/ruzzo\/files\/2019\/11\/al\u00e8-300x217.jpg 300w, https:\/\/blog.ilgiornale.it\/ruzzo\/files\/2019\/11\/al\u00e8-1024x740.jpg 1024w, https:\/\/blog.ilgiornale.it\/ruzzo\/files\/2019\/11\/al\u00e8.jpg 1046w\" sizes=\"(max-width: 300px) 100vw, 300px\" \/><\/a>\u201cCon grande piacere annunciamo la partnership con il <strong>Team Movistar.<\/strong> Abbiamo sviluppato per loro capi molto tecnici, performanti e che utilizzano il top della tecnologia tessile oggi disponibile. Vestiremo la squadra con il nostro\u00a0stile\u00a0 e la la collaborazione servir\u00e0 anche a scambiare feedback. Vogliamo poter offrire a tutti gli appassionati\u00a0dei nostri prodotti i benefit di un capo messo a punto per un team di tale caratura\u201d.\u00a0 Cos\u00ec ieri sera <strong>Alessia Piccolo<\/strong>, Amministratore delegato di APG, l\u2019azienda che fa capo ad <strong>Al\u00e9,<\/strong> ha commentato durante il Gal\u00e0 che si \u00e8 tenuto nel\u00a0palazzo\u00a0Granguardia a Verona\u00a0il &#8220;matrimonio&#8221; con una delle squadre pi\u00f9 blasonate in circolazione nel circuito World Tour, uno squadrone che vanta sette\u00a0Tour de France,\u00a0 quattro Giri d\u2019Italia, quattro Vuelta di Spagna, quattro Campionati del Mondo, oltre 583 tappe vinte e 930 vittorie riportate dalla squadra in 40 anni di attivit\u00e0, festeggiati proprio nel 2019.\u00a0 Ancora top secret grafica e dettagli della nuova divisa, solo poche le anticipazioni come il\u00a0colore: sar\u00e0 azzurra e blu navy perch\u00e8 la presentazione della livrea del Movistar Team 2020\u00a0disegnata da Al\u00e8\u00a0 avverr\u00e0 infatti durante la presentazione ufficiale del team il prossimo 19 dicembre a Madrid. &#8220;Facciamo un passo avanti\u00a0avanti nella strategia globale- ha spiegato\u00a0<strong>Juan Pablo Molinero<\/strong>, CMO del Movistar Team-\u00a0 Stile e funzionalit\u00e0 sono nel dna di Al\u00e9 che ci aiuter\u00e0 a comunicare i nostri valori in tutto il mondo e insieme trasformeremo il nostro outfit da competizione in un bene sportivo, elegante e di tendenza&#8221;. Ma il Gal\u00e0\u00a0 di Verona \u00e8 stata anche l&#8217;occasione per\u00a0 confermare la partnership\u00a0 dell&#8217;azienda di Bonferraro di Borg\u00e0 con la squadra femminile\u00a0professionistica\u00a0<strong>Al\u00e9 BTC Ljubljana,<\/strong> con\u00a0il team professionistico<strong> Groupama FDJ<\/strong> , con la Nazionale di\u00a0Ciclismo Francese ed al pro-team <strong>Bardiani CSF<\/strong>. Non solo. Durante la serata, condotta da <strong>Paolo Savoldelli<\/strong> e <strong>Barbara Pedrotti<\/strong> e che ha visto la presenza di molti vip tra cui il Re Leone <strong>Mario Cipollini<\/strong> e il presindente della Fci <strong>Renato di Rocco<\/strong>, \u00e8 stata presentata anche nuova edizione della Granfondo &#8220;Al\u00e8 La Merckx&#8221; che lo scorso anno ha visto al via oltre 3mila appassionati.\u00a0 Anche per l\u2019edizione 2020, che partir\u00e0 da piazza Bra a Verona il 7 giugno,\u00a0 sono confermati i due\u00a0percorsi classici: la granfondo di 129 km con un dislivello di 2.600m e la mediofondo di 82km\u00a0con un dislivello di 1.450 m.<\/p>\n","protected":false},"excerpt":{"rendered":"<p><p>\u201cCon grande piacere annunciamo la partnership con il Team Movistar. Abbiamo sviluppato per loro capi molto tecnici, performanti e che utilizzano il top della tecnologia tessile oggi disponibile. Vestiremo la squadra con il nostro\u00a0stile\u00a0 e la la collaborazione servir\u00e0 anche a scambiare feedback. Vogliamo poter offrire a tutti gli appassionati\u00a0dei nostri prodotti i benefit di un capo messo a punto per un team di tale caratura\u201d.\u00a0 Cos\u00ec ieri sera Alessia Piccolo, Amministratore delegato di APG, l\u2019azienda che fa capo ad Al\u00e9, ha commentato durante il Gal\u00e0 che si \u00e8 tenuto nel\u00a0palazzo\u00a0Granguardia a Verona\u00a0il &#8220;matrimonio&#8221; con una delle squadre pi\u00f9 blasonate [&hellip;]<\/p>\n&nbsp;&nbsp;<div class=\"readmore\"><a href=\"https:\/\/blog.ilgiornale.it\/ruzzo\/2019\/11\/17\/il-team-movistar-veste-italiano-ale\/\">Continua a leggere...<\/a><\/div><\/p>","protected":false},"author":956,"featured_media":0,"comment_status":"open","ping_status":"closed","sticky":false,"template":"","format":"standard","meta":[],"categories":[1],"tags":[],"_links":{"self":[{"href":"https:\/\/blog.ilgiornale.it\/ruzzo\/wp-json\/wp\/v2\/posts\/27060"}],"collection":[{"href":"https:\/\/blog.ilgiornale.it\/ruzzo\/wp-json\/wp\/v2\/posts"}],"about":[{"href":"https:\/\/blog.ilgiornale.it\/ruzzo\/wp-json\/wp\/v2\/types\/post"}],"author":[{"embeddable":true,"href":"https:\/\/blog.ilgiornale.it\/ruzzo\/wp-json\/wp\/v2\/users\/956"}],"replies":[{"embeddable":true,"href":"https:\/\/blog.ilgiornale.it\/ruzzo\/wp-json\/wp\/v2\/comments?post=27060"}],"version-history":[{"count":1,"href":"https:\/\/blog.ilgiornale.it\/ruzzo\/wp-json\/wp\/v2\/posts\/27060\/revisions"}],"predecessor-version":[{"id":27062,"href":"https:\/\/blog.ilgiornale.it\/ruzzo\/wp-json\/wp\/v2\/posts\/27060\/revisions\/27062"}],"wp:attachment":[{"href":"https:\/\/blog.ilgiornale.it\/ruzzo\/wp-json\/wp\/v2\/media?parent=27060"}],"wp:term":[{"taxonomy":"category","embeddable":true,"href":"https:\/\/blog.ilgiornale.it\/ruzzo\/wp-json\/wp\/v2\/categories?post=27060"},{"taxonomy":"post_tag","embeddable":true,"href":"https:\/\/blog.ilgiornale.it\/ruzzo\/wp-json\/wp\/v2\/tags?post=27060"}],"curies":[{"name":"wp","href":"https:\/\/api.w.org\/{rel}","templated":true}]}}