{"id":27069,"date":"2019-11-19T21:22:34","date_gmt":"2019-11-19T20:22:34","guid":{"rendered":"https:\/\/blog.ilgiornale.it\/ruzzo\/?p=27069"},"modified":"2019-11-19T21:22:34","modified_gmt":"2019-11-19T20:22:34","slug":"stefano-e-giulia-nel-deserto-le-barriere-non-esistono","status":"publish","type":"post","link":"https:\/\/blog.ilgiornale.it\/ruzzo\/2019\/11\/19\/stefano-e-giulia-nel-deserto-le-barriere-non-esistono\/","title":{"rendered":"Stefano e Giulia nel deserto: &#8220;Le barriere non esistono&#8221;"},"content":{"rendered":"<p><strong><a href=\"https:\/\/blog.ilgiornale.it\/ruzzo\/files\/2019\/11\/migl.jpg\"><img loading=\"lazy\" class=\"alignright size-medium wp-image-27070\" src=\"https:\/\/blog.ilgiornale.it\/ruzzo\/files\/2019\/11\/migl-234x300.jpg\" alt=\"migl\" width=\"234\" height=\"300\" srcset=\"https:\/\/blog.ilgiornale.it\/ruzzo\/files\/2019\/11\/migl-234x300.jpg 234w, https:\/\/blog.ilgiornale.it\/ruzzo\/files\/2019\/11\/migl.jpg 673w\" sizes=\"(max-width: 234px) 100vw, 234px\" \/><\/a>Stefano Miglietti<\/strong> \u00e8\u00a0 \u00abRajil Cra\u00bb,\u00a0 l\u2019uomo che corre.\u00a0Cos\u00ec lo chiamano i tuareg che lo hanno seguito nelle sue interminabili traversate tra le sabbie dei deserti.\u00a0 Ma l&#8217;uomo che corre\u00a0 questa volta nel deserto\u00a0di Taragalte, nell\u2019estremo sud-est del\u00a0Marocco, non sar\u00e0 solo . &#8220;Proviamoci insieme&#8221; \u00e8 l&#8217;ultima sfida e\u00a0 ha deciso di condividerla\u00a0 con\u00a0<strong> Giulia Scovoli,<\/strong> 28 anni di Lumezzane che, pur riuscendo a camminare in autonomia, \u00e8 nata con la spina bifida e presenta una lieve disabilit\u00e0 fisica alle gambe. All&#8217;inizio di dicembre i due partiranno per una traversata di oltre 400 chilometri che vedr\u00e0 il 53enne ultrarunner bresciano trainare su una carrozzella la sua compagna di viaggio. Sfida nella sfida per dimostrare che ogni barriera pu\u00f2 essere abbattuta e che, come tutte le sfide di Miglietti, avr\u00e0 una finalit\u00e0 benefica perch\u00e8 servir\u00e0 a sostenere le associazioni <strong>Valtrompiacuore ed Esa, Educazione alla salute attiva.<\/strong>\u00a0\u00abVolevo\u00a0condividere la mia nuova avventura con qualcuno-<strong> racconta Miglietti- <\/strong>cos\u00ec quando io e Giulia ci siamo incontrati\u00a0 ci siamo subito intesi:\u00a0le ho proposto di attraversare un deserto\u00a0 e lei ha accettato senza esitazione. Certo, sara dura per entrambi perch\u00e8 non l\u2019ho invitata a fare una passeggiata in centro&#8230;.&#8221; Sar\u00e0 dura\u00a0 perch\u00e8 attraversare un deserto non \u00e8 mai uno scherzo, perch\u00e8 Giulia Scovoli dovr\u00e0 restare a lungo seduta sulla carrozzina, anche fino a 15 ore al giorno e perch\u00e8 Miglietti\u00a0 dovr\u00e0\u00a0 trainare un peso complessivo di un&#8217;ottantina di chili.\u00a0 \u00abQuesta volta \u2013 commenta il dottor <strong>Gabriele Rosa<\/strong> del Centro Marathon, che da anni lo segue e lo prepara per le sue imprese.\u2013 Stefano ha voluto uscire dai soliti schemi per dare un valore sociale al suo sforzo\u00bb.\u00a0L&#8217;imprenditore bresciano non \u00e8 nuovo ad imprese estreme ed \u00e8 passato con disinvoltura dalle traversate sahariane a quelle nei ghiacci nei luoghi pi\u00f9 freddi del pianeta: nel 2003 ha percorso 160 chilometri sui ghiacci dell\u2019Alaska nella \u00abSusitna 100\u00bb e nello stesso anno \u00e8 stato il primo uomo ad attraversare da solo il deserto del Murzuq, 380 chilometri e 12mila metri di dislivello percorsi in sei giorni. Poi la sfida al \u00abgrande mare di sabbia\u00bb dell\u2019Egitto, oltre 500 km in uno dei deserti pi\u00f9 insidiosi dell\u2019Africa dall\u2019oasi di Farafra a quella di Siwa in completa autonomia. Un viaggio ai limiti, mai provato da nessuno seguendo le tracce di quell\u2019armata di 50mila uomini guidata da Cambise che nel 523 a.c. scomparve inghiottita da una tempesta di sabbia. Miglietti nel 2011 ha percorso 421 chilometri non stop in 52 ore nella supermaratona del deserto del Sahara e l&#8217;anno scorso ha attraversato mettendoli insieme quattro deserti di sabbia, quello di Ezzahar, di Smar, di Chegaga e Lihoudi e gli altopiani rocciosi di Zguid e M\u2019Hamid. Ora riparte. Riparte con Giulia Scovoli per spiegare che le barriere si possono abbattere e che\u00a0con la tenacia e un amico al fianco, pu\u00f2 superare qualsiasi limite. Per lanciare a suo modo un messaggio di speranza. E scrivono:\u00a0 &#8220;Stefano pu\u00f2 camminare cos\u00ec a lungo da sembrare per sempre. Giulia, che non pu\u00f2 farlo affatto, affronta con lo stesso sguardo l\u2019orizzonte, che va oltre le cose semplici e facili della vita. Stefano conosce il dolore fisico, Giulia altrettanto. E per questo lo rispettano, pur non temendolo&#8230;&#8221;<\/p>\n<p>&nbsp;<\/p>\n<p>&nbsp;<\/p>\n<p>&nbsp;<\/p>\n<p>&nbsp;<\/p>\n<p>.\u00a0 poteva essere altrimenti, visto che il fine \u00e8 pi\u00f9 nobile e ambizioso di un semplice traguardo da tagliare o un tempo da rispettare. Questa volta l\u2019obiettivo \u00e8 un messaggio: chiunque,<\/p>\n<p>&nbsp;<\/p>\n<p>&nbsp;<\/p>\n<p>alla volta del\u00a0territorio<\/p>\n<p>&nbsp;<\/p>\n<p><strong>Ma Stefano Miglietti 52anni, bresciano, imprenditore, padre di tre figli \u00e8 l\u2019uomo dei deserti anche se da sempre passa con disinvoltura dalle traversate sahariane a quelle nei ghiacci nei luoghi pi\u00f9 freddi del pianeta.\u00a0\u00a0bresciano Stefano Miglietti<\/strong>\u00a0la confidenza con le imprese estreme di certo non manca. St<\/p>\n<p>\u00abSe vuoi \u2013 dice Giulia \u2013 puoi. Quindi mi son detta: proviamo\u00bb. E\u00a0<strong>\u00abProviamo insieme\u00bb \u00e8 diventato il nome di questa sfida<\/strong>, presentata luned\u00ec in Broletto, in programma tra novembre e dicembre.<\/p>\n<p>\u00abUna prova di grande impegno sportivo \u2013 afferma il vice presidente della Provincia, Guido Galperti \u2013 ma soprattutto una testimonianza forte per dimostrare che tutte le barriere possono essere abbattute\u00bb.<\/p>\n<p>&nbsp;<\/p>\n<div id=\"mup_infeed2\"><\/div>\n<p>&nbsp;<\/p>\n<p>Sar\u00e0 una sfida di natura etica, insomma, ancora prima che sportiva. E questo vale anche per un\u2019altra abitudine di Miglietti:<\/p>\n","protected":false},"excerpt":{"rendered":"<p><p>Stefano Miglietti \u00e8\u00a0 \u00abRajil Cra\u00bb,\u00a0 l\u2019uomo che corre.\u00a0Cos\u00ec lo chiamano i tuareg che lo hanno seguito nelle sue interminabili traversate tra le sabbie dei deserti.\u00a0 Ma l&#8217;uomo che corre\u00a0 questa volta nel deserto\u00a0di Taragalte, nell\u2019estremo sud-est del\u00a0Marocco, non sar\u00e0 solo . &#8220;Proviamoci insieme&#8221; \u00e8 l&#8217;ultima sfida e\u00a0 ha deciso di condividerla\u00a0 con\u00a0 Giulia Scovoli, 28 anni di Lumezzane che, pur riuscendo a camminare in autonomia, \u00e8 nata con la spina bifida e presenta una lieve disabilit\u00e0 fisica alle gambe. All&#8217;inizio di dicembre i due partiranno per una traversata di oltre 400 chilometri che vedr\u00e0 il 53enne ultrarunner bresciano trainare su [&hellip;]<\/p>\n&nbsp;&nbsp;<div class=\"readmore\"><a href=\"https:\/\/blog.ilgiornale.it\/ruzzo\/2019\/11\/19\/stefano-e-giulia-nel-deserto-le-barriere-non-esistono\/\">Continua a leggere...<\/a><\/div><\/p>","protected":false},"author":956,"featured_media":0,"comment_status":"open","ping_status":"closed","sticky":false,"template":"","format":"standard","meta":[],"categories":[1],"tags":[],"_links":{"self":[{"href":"https:\/\/blog.ilgiornale.it\/ruzzo\/wp-json\/wp\/v2\/posts\/27069"}],"collection":[{"href":"https:\/\/blog.ilgiornale.it\/ruzzo\/wp-json\/wp\/v2\/posts"}],"about":[{"href":"https:\/\/blog.ilgiornale.it\/ruzzo\/wp-json\/wp\/v2\/types\/post"}],"author":[{"embeddable":true,"href":"https:\/\/blog.ilgiornale.it\/ruzzo\/wp-json\/wp\/v2\/users\/956"}],"replies":[{"embeddable":true,"href":"https:\/\/blog.ilgiornale.it\/ruzzo\/wp-json\/wp\/v2\/comments?post=27069"}],"version-history":[{"count":1,"href":"https:\/\/blog.ilgiornale.it\/ruzzo\/wp-json\/wp\/v2\/posts\/27069\/revisions"}],"predecessor-version":[{"id":27071,"href":"https:\/\/blog.ilgiornale.it\/ruzzo\/wp-json\/wp\/v2\/posts\/27069\/revisions\/27071"}],"wp:attachment":[{"href":"https:\/\/blog.ilgiornale.it\/ruzzo\/wp-json\/wp\/v2\/media?parent=27069"}],"wp:term":[{"taxonomy":"category","embeddable":true,"href":"https:\/\/blog.ilgiornale.it\/ruzzo\/wp-json\/wp\/v2\/categories?post=27069"},{"taxonomy":"post_tag","embeddable":true,"href":"https:\/\/blog.ilgiornale.it\/ruzzo\/wp-json\/wp\/v2\/tags?post=27069"}],"curies":[{"name":"wp","href":"https:\/\/api.w.org\/{rel}","templated":true}]}}