{"id":27077,"date":"2019-11-21T17:38:07","date_gmt":"2019-11-21T16:38:07","guid":{"rendered":"https:\/\/blog.ilgiornale.it\/ruzzo\/?p=27077"},"modified":"2019-11-21T17:38:07","modified_gmt":"2019-11-21T16:38:07","slug":"domenica-si-corre-a-firenze-la-maratona-dei-maratoneti","status":"publish","type":"post","link":"https:\/\/blog.ilgiornale.it\/ruzzo\/2019\/11\/21\/domenica-si-corre-a-firenze-la-maratona-dei-maratoneti\/","title":{"rendered":"Domenica si corre a Firenze, la maratona dei maratoneti"},"content":{"rendered":"<p><a href=\"https:\/\/blog.ilgiornale.it\/ruzzo\/files\/2019\/11\/fir.jpg\"><img loading=\"lazy\" class=\"alignleft size-medium wp-image-27078\" src=\"https:\/\/blog.ilgiornale.it\/ruzzo\/files\/2019\/11\/fir-300x200.jpg\" alt=\"fir\" width=\"300\" height=\"200\" srcset=\"https:\/\/blog.ilgiornale.it\/ruzzo\/files\/2019\/11\/fir-300x200.jpg 300w, https:\/\/blog.ilgiornale.it\/ruzzo\/files\/2019\/11\/fir.jpg 1000w\" sizes=\"(max-width: 300px) 100vw, 300px\" \/><\/a>La staffetta di beneficenza e la &#8220;family&#8221;\u00a0 si correranno il sabato, il giorno prima. Ma domenica niente &#8220;relay&#8221;, niente mezze, niente diecimila, niente di niente. Maratona e basta. Cos\u00ec come in fondo dev&#8217;essere, in onore di una sfida che resta la pi\u00f9 dura ma anche la pi\u00f9 affascinante. Domenica torna la <strong>Asics Firenze Marathon,<\/strong> edizione numero 36, che dopo le innovazioni dell&#8217;anno scorso,\u00a0sar\u00e0\u00a0quella delle conferme. La gara targata World Athletics Bronze Label mantiene infatti invariato il percorso ad anello, tutto ambientato in citt\u00e0, che tocca i pi\u00f9 famosi monumenti e luoghi artistici con l&#8217;arrivo in piazza Duomo, sede anche della partenza alle ore 8.30. Il numero degli iscritti al momento ha superato le 9000 unit\u00e0 (di cui oltre 3000 stranieri) che conferma la 42,195 chilometri del capoluogo toscano come la seconda pi\u00f9 partecipata d&#8217;Italia nel 2019. Correranno quindi solo di maratoneti, perch\u00e9 gli organizzatori hanno ribadito la scelta di non far disputare nessun altro tipo di manifestazione su tracciati diversi o ridotti, con l&#8217;unica eccezione della gara dedicata alle handbike, che prender\u00e0 il via 3 minuti prima della\u00a0 <span style=\"color: #000000\">maratona<\/span> sullo stesso percorso. Una scelta coraggiosa ma anche rispettosa di chi la maratona la corre per intero, senza sconti, su un percorso impegnativo tra la storia di una citt\u00e0 fantastica.<strong>\u00a0Fulvio Massini,<\/strong> responsabile tecnico da sempre dell\u2019Asics Firenze Marathon, come sempre ha allestito un cast di atleti di ottimo livello. Tra i favoriti ci sono il keniano <strong>Asbel Kipsang<\/strong> che nel 2016 a Seul ha corso la sua miglior maratona in 2h07:30 e tra le donne l&#8217;etiope <strong>Dinknesh Mekash Tefera,<\/strong> la pi\u00f9 veloce sulla carta, grazie al personale di 2h23:12 siglato a Francoforte nel 2015.\u00a0In chiave azzurra \u00e8 annunciata al via <strong>Fatna Maraoui<\/strong> (Esercito), argento a squadre nel 2018 agli Europei di Berlino, che a Firenze con il secondo posto del 2016 in 2h30:52 ha sfiorato il personale ottenuto nella stagione precedente a Valencia con 2h30:50. Quest&#8217;anno la biellese ha vinto il suo terzo titolo italiano sui 10 chilometri. Attesa in gara anche un&#8217;altra piemontese, l&#8217;alessandrina <strong>Elisa Stefani<\/strong> (Brancaleone Asti), che in maggio a Praga ha messo a segno un netto progresso con 2h33:36.<\/p>\n","protected":false},"excerpt":{"rendered":"<p><p>La staffetta di beneficenza e la &#8220;family&#8221;\u00a0 si correranno il sabato, il giorno prima. Ma domenica niente &#8220;relay&#8221;, niente mezze, niente diecimila, niente di niente. Maratona e basta. Cos\u00ec come in fondo dev&#8217;essere, in onore di una sfida che resta la pi\u00f9 dura ma anche la pi\u00f9 affascinante. Domenica torna la Asics Firenze Marathon, edizione numero 36, che dopo le innovazioni dell&#8217;anno scorso,\u00a0sar\u00e0\u00a0quella delle conferme. La gara targata World Athletics Bronze Label mantiene infatti invariato il percorso ad anello, tutto ambientato in citt\u00e0, che tocca i pi\u00f9 famosi monumenti e luoghi artistici con l&#8217;arrivo in piazza Duomo, sede anche della [&hellip;]<\/p>\n&nbsp;&nbsp;<div class=\"readmore\"><a href=\"https:\/\/blog.ilgiornale.it\/ruzzo\/2019\/11\/21\/domenica-si-corre-a-firenze-la-maratona-dei-maratoneti\/\">Continua a leggere...<\/a><\/div><\/p>","protected":false},"author":956,"featured_media":0,"comment_status":"open","ping_status":"closed","sticky":false,"template":"","format":"standard","meta":[],"categories":[1],"tags":[],"_links":{"self":[{"href":"https:\/\/blog.ilgiornale.it\/ruzzo\/wp-json\/wp\/v2\/posts\/27077"}],"collection":[{"href":"https:\/\/blog.ilgiornale.it\/ruzzo\/wp-json\/wp\/v2\/posts"}],"about":[{"href":"https:\/\/blog.ilgiornale.it\/ruzzo\/wp-json\/wp\/v2\/types\/post"}],"author":[{"embeddable":true,"href":"https:\/\/blog.ilgiornale.it\/ruzzo\/wp-json\/wp\/v2\/users\/956"}],"replies":[{"embeddable":true,"href":"https:\/\/blog.ilgiornale.it\/ruzzo\/wp-json\/wp\/v2\/comments?post=27077"}],"version-history":[{"count":1,"href":"https:\/\/blog.ilgiornale.it\/ruzzo\/wp-json\/wp\/v2\/posts\/27077\/revisions"}],"predecessor-version":[{"id":27079,"href":"https:\/\/blog.ilgiornale.it\/ruzzo\/wp-json\/wp\/v2\/posts\/27077\/revisions\/27079"}],"wp:attachment":[{"href":"https:\/\/blog.ilgiornale.it\/ruzzo\/wp-json\/wp\/v2\/media?parent=27077"}],"wp:term":[{"taxonomy":"category","embeddable":true,"href":"https:\/\/blog.ilgiornale.it\/ruzzo\/wp-json\/wp\/v2\/categories?post=27077"},{"taxonomy":"post_tag","embeddable":true,"href":"https:\/\/blog.ilgiornale.it\/ruzzo\/wp-json\/wp\/v2\/tags?post=27077"}],"curies":[{"name":"wp","href":"https:\/\/api.w.org\/{rel}","templated":true}]}}