{"id":27376,"date":"2020-02-07T15:40:05","date_gmt":"2020-02-07T14:40:05","guid":{"rendered":"https:\/\/blog.ilgiornale.it\/ruzzo\/?p=27376"},"modified":"2020-02-07T15:40:05","modified_gmt":"2020-02-07T14:40:05","slug":"triathlon-fabian-sogna-il-tris-olimpico","status":"publish","type":"post","link":"https:\/\/blog.ilgiornale.it\/ruzzo\/2020\/02\/07\/triathlon-fabian-sogna-il-tris-olimpico\/","title":{"rendered":"Triathlon, Fabian sogna il tris olimpico"},"content":{"rendered":"<p><a href=\"https:\/\/blog.ilgiornale.it\/ruzzo\/files\/2020\/02\/fa.jpg\"><img loading=\"lazy\" class=\"alignleft size-medium wp-image-27377\" src=\"https:\/\/blog.ilgiornale.it\/ruzzo\/files\/2020\/02\/fa-300x212.jpg\" alt=\"fa\" width=\"300\" height=\"212\" srcset=\"https:\/\/blog.ilgiornale.it\/ruzzo\/files\/2020\/02\/fa-300x212.jpg 300w, https:\/\/blog.ilgiornale.it\/ruzzo\/files\/2020\/02\/fa.jpg 1009w\" sizes=\"(max-width: 300px) 100vw, 300px\" \/><\/a>&#8220;L&#8217;anno olimpico \u00e8 sempre speciale per un atleta, aumentano le pressioni ma anche le motivazioni. Il\u00a0mio sogno \u00e8 tagliare il traguardo di Tokyo facendo meglio di ci\u00f2 che sono riuscito a fare a Londra e a Rio&#8230;&#8221;.\u00a0\u00a0<strong>Alessandro Fabian,<\/strong> in ritiro a Fuerteventura alle Canarie con la nazionale azzurra di triathlon, mette i Giochi nel\u00a0 mirino e punta alla terza olimpiade consecutiva. Che non \u00e8 poco, che non \u00e8 da tutti, che \u00e8 una di quelle cose che poi si raccontano ai figli e ai figli dei figli. Sar\u00e0 un anno importante questo 2020. Un anno da vivere intensamente e non solo perch\u00e8 l&#8217;azzurro \u00e8 da poco convolato &#8220;giuste nozze&#8221;e\u00a0 perch\u00e8, dopo essersi congedato dai\u00a0 Carabinieri, ha fondato una nuova squadra, la &#8220;Elements&#8221;, impegnata a formare gli atleti\u00a0ma anche\u00a0 a sensibilizzare le persone sull&#8217;importanza dell&#8217;ecosostenibilit\u00e0 con\u00a0 il progetto &#8220;Elements Fury&#8221;. Il 2020 sar\u00e0 un anno fondamentale perch\u00e8 arriva dopo\u00a0 quattro anni di attesa, dopo il decimo posto ai Giochi di Londra nel 2012 e dopo il quattordicesimo a Rio de Janeiro.\u00a0 <strong><span style=\"color: #000000\">Fabian<\/span><\/strong>\u00a0a Tokyo punta a al tris e a migliorare i piazzamenti gi\u00e0 raggiunti anche se sa perfettamente che non sar\u00e0 semplicissima n\u00e8 l&#8217;una\u00a0 n\u00e8 l&#8217;altra cosa. Sa che dovr\u00e0 guardarsi dagli avversari di sempre ma anche fare i conti con una nuova generazione che scalpita e che non far\u00e0 sconti. Tokyo nel mirino quindi. Anche se il percorso per qualificarsi non \u00e8 scontato e non sar\u00e0 una passeggiata. La conquista dei punti per volare in Giappone partir\u00e0\u00a0 infatti gi\u00e0 tra poche settimane con l&#8217;esordio nel prestigioso circuito della World Triathlon Series ad Abu Dhabi, per poi andare alle Bermuda e a Yokohama sempre per le WTS, e chiudere con Leeds a giugno. Quattro appuntamenti fondamentali\u00a0su cui mettere da subito la\u00a0testa. E se tutto andr\u00e0 come deve andare questa estate in Giappone le date da segnare sul calendario saranno il 27 luglio, giorno della gara maschile, e il 1\u00b0 agosto, dedicato alla staffetta mista, attesa novit\u00e0 della XXXII edizione dei Giochi. &#8220;Nel recente passato l&#8217;Italia ha dimostrato di essere competitiva anche in questa- formula, che prevede un mini-triathlon per quattro atleti, due donne e due uomini, che si passeranno il testimone in modo alternato- spiega Fabian.- Il programma \u00e8 stato preparato al dettaglio a quattro mani con il CT Joel Filiol, con cui mi alleno ormai da tre anni. Staremo a vedere!&#8221;. L&#8217; avvicinamento a Tokyo, dopo il training camp nelle Canarie, prevede una tappa a Clermont, in Florida, poi di nuovo un passaggio in un&#8217;isola spagnola, a Palma di Maiorca, un ritiro in altura, nella piccola cittadina di Les Angeles sui Pirenei, ed infine, il camp spagnolo di Banyoles prima di trasferirsi in Giappone.<\/p>\n","protected":false},"excerpt":{"rendered":"<p><p>&#8220;L&#8217;anno olimpico \u00e8 sempre speciale per un atleta, aumentano le pressioni ma anche le motivazioni. Il\u00a0mio sogno \u00e8 tagliare il traguardo di Tokyo facendo meglio di ci\u00f2 che sono riuscito a fare a Londra e a Rio&#8230;&#8221;.\u00a0\u00a0Alessandro Fabian, in ritiro a Fuerteventura alle Canarie con la nazionale azzurra di triathlon, mette i Giochi nel\u00a0 mirino e punta alla terza olimpiade consecutiva. Che non \u00e8 poco, che non \u00e8 da tutti, che \u00e8 una di quelle cose che poi si raccontano ai figli e ai figli dei figli. Sar\u00e0 un anno importante questo 2020. Un anno da vivere intensamente e non [&hellip;]<\/p>\n&nbsp;&nbsp;<div class=\"readmore\"><a href=\"https:\/\/blog.ilgiornale.it\/ruzzo\/2020\/02\/07\/triathlon-fabian-sogna-il-tris-olimpico\/\">Continua a leggere...<\/a><\/div><\/p>","protected":false},"author":956,"featured_media":0,"comment_status":"open","ping_status":"closed","sticky":false,"template":"","format":"standard","meta":[],"categories":[1],"tags":[],"_links":{"self":[{"href":"https:\/\/blog.ilgiornale.it\/ruzzo\/wp-json\/wp\/v2\/posts\/27376"}],"collection":[{"href":"https:\/\/blog.ilgiornale.it\/ruzzo\/wp-json\/wp\/v2\/posts"}],"about":[{"href":"https:\/\/blog.ilgiornale.it\/ruzzo\/wp-json\/wp\/v2\/types\/post"}],"author":[{"embeddable":true,"href":"https:\/\/blog.ilgiornale.it\/ruzzo\/wp-json\/wp\/v2\/users\/956"}],"replies":[{"embeddable":true,"href":"https:\/\/blog.ilgiornale.it\/ruzzo\/wp-json\/wp\/v2\/comments?post=27376"}],"version-history":[{"count":1,"href":"https:\/\/blog.ilgiornale.it\/ruzzo\/wp-json\/wp\/v2\/posts\/27376\/revisions"}],"predecessor-version":[{"id":27379,"href":"https:\/\/blog.ilgiornale.it\/ruzzo\/wp-json\/wp\/v2\/posts\/27376\/revisions\/27379"}],"wp:attachment":[{"href":"https:\/\/blog.ilgiornale.it\/ruzzo\/wp-json\/wp\/v2\/media?parent=27376"}],"wp:term":[{"taxonomy":"category","embeddable":true,"href":"https:\/\/blog.ilgiornale.it\/ruzzo\/wp-json\/wp\/v2\/categories?post=27376"},{"taxonomy":"post_tag","embeddable":true,"href":"https:\/\/blog.ilgiornale.it\/ruzzo\/wp-json\/wp\/v2\/tags?post=27376"}],"curies":[{"name":"wp","href":"https:\/\/api.w.org\/{rel}","templated":true}]}}