{"id":27394,"date":"2020-02-11T09:01:25","date_gmt":"2020-02-11T08:01:25","guid":{"rendered":"https:\/\/blog.ilgiornale.it\/ruzzo\/?p=27394"},"modified":"2020-02-11T09:01:25","modified_gmt":"2020-02-11T08:01:25","slug":"la-marcia-riparte-da-quarto-oggiaro-e-invita-la-nazionale-cinese","status":"publish","type":"post","link":"https:\/\/blog.ilgiornale.it\/ruzzo\/2020\/02\/11\/la-marcia-riparte-da-quarto-oggiaro-e-invita-la-nazionale-cinese\/","title":{"rendered":"La marcia riparte da Quarto Oggiaro ( e invita la nazionale cinese)"},"content":{"rendered":"<p><a href=\"https:\/\/blog.ilgiornale.it\/ruzzo\/files\/2020\/02\/marcia.jpg\"><img loading=\"lazy\" class=\"alignleft size-medium wp-image-27395\" src=\"https:\/\/blog.ilgiornale.it\/ruzzo\/files\/2020\/02\/marcia-300x106.jpg\" alt=\"marcia\" width=\"300\" height=\"106\" srcset=\"https:\/\/blog.ilgiornale.it\/ruzzo\/files\/2020\/02\/marcia-300x106.jpg 300w, https:\/\/blog.ilgiornale.it\/ruzzo\/files\/2020\/02\/marcia.jpg 626w\" sizes=\"(max-width: 300px) 100vw, 300px\" \/><\/a>Torna la marcia a Milano. Tornano fatica e sudore che spesso non trovano spazio nelle prime pagine o in tv se non quando portano nel carniere titoli e medaglie che salvano le spedizioni azzurre alle manifestazioni mondiali ed europee, come l&#8217;estate scorsa ha fatto la milanese Eleonora Giorgi con il bronzo nel clima infernale di Doha. E la marcia torna a proprio a Quarto Oggiaro, periferia milanese spesso bistrattata ma \u00abterra\u00bb di grandi marciatori. Dopo 45 anni il quartiere ospiter\u00e0 una gara a livello nazionale, la Prima prova del trofeo Ugo Frigerio giunto alla sua cinquantunesima edizione e, proprio in piena emergenza coronavirus, gli organizzatori hanno anche ufficialmente invitato la nazionale di marcia cinese che \u00e8 \u00abbloccata\u00bb nel nostro Paese perch\u00e8 si allena a Saluzzo in Piemonte seguita da Sandro Damilano.<\/p>\n<p>La manifestazione ricorda ugo Figerio, milanese doc, primo campione della marcia italiana, tre volte oro olimpico negli anni &#8217;20 e &#8217;30 ad Anversa e poi a Parigi e riunisce le giovani promesse della marcia italiana. L&#8217;appuntamento \u00e8 per domenica 23 febbraio in un quartiere che \u00e8 un luogo simbolo della marcia milanese, che ha dato i natali a campioni straordinari quali Michele Didoni e Gianni Perricelli che si sono allenati su queste strade negli anni &#8217;80 e 90&#8242; e hanno vinto poi medaglie alle olimpiadi e ai campionati mondiali. Il tutto ruota attorno alla figura del loro allenatore, Pietro Pastorini, arzillo ottantenne ancora in attivit\u00e0 e \u00abguru\u00bb della marcia italiana vista e pensata anche come occasione di riscatto soprattutto nei quartieri popolari. Il ritorno della marcia a Milano si deve all&#8217;attivit\u00e0 e alla passione dell&#8217;associazione Parco Certosa in collaborazione con la Fidal, federazione regionale di atletica, che con il patrocinio del municipio 8 ha voluto l&#8217;evento. Il parco \u00e8 intitolato a Franco Verga figura storica del volontariato e dell&#8217;integrazione milanese degli anni &#8217;70 ed \u00e8 stato realizzato alcuni anni fa a Quarto Oggiaro, alla fine del cavalcavia palizzi fra i casermoni sorti per i nuovi insediamenti abitativi. Il ritorno della marcia proprio a Quarto Oggiaro \u00e8 una buona notizia per lo sport milanese, pi\u00f9 attratto dalle tante corse cittadine che hanno sponsor importanti e visibilit\u00e0. Una sfida che racchiude l&#8217;orgoglio di un quartiere di fronte ai pregiudizi e che sarebbe bello vedesse il sindaco Sala (che \u00e8 stato invitato) a dare il via per dare un senso ai tanti discorsi sulla valorizzazione delle periferie.<\/p>\n","protected":false},"excerpt":{"rendered":"<p><p>Torna la marcia a Milano. Tornano fatica e sudore che spesso non trovano spazio nelle prime pagine o in tv se non quando portano nel carniere titoli e medaglie che salvano le spedizioni azzurre alle manifestazioni mondiali ed europee, come l&#8217;estate scorsa ha fatto la milanese Eleonora Giorgi con il bronzo nel clima infernale di Doha. E la marcia torna a proprio a Quarto Oggiaro, periferia milanese spesso bistrattata ma \u00abterra\u00bb di grandi marciatori. Dopo 45 anni il quartiere ospiter\u00e0 una gara a livello nazionale, la Prima prova del trofeo Ugo Frigerio giunto alla sua cinquantunesima edizione e, proprio in [&hellip;]<\/p>\n&nbsp;&nbsp;<div class=\"readmore\"><a href=\"https:\/\/blog.ilgiornale.it\/ruzzo\/2020\/02\/11\/la-marcia-riparte-da-quarto-oggiaro-e-invita-la-nazionale-cinese\/\">Continua a leggere...<\/a><\/div><\/p>","protected":false},"author":956,"featured_media":0,"comment_status":"open","ping_status":"closed","sticky":false,"template":"","format":"standard","meta":[],"categories":[1],"tags":[],"_links":{"self":[{"href":"https:\/\/blog.ilgiornale.it\/ruzzo\/wp-json\/wp\/v2\/posts\/27394"}],"collection":[{"href":"https:\/\/blog.ilgiornale.it\/ruzzo\/wp-json\/wp\/v2\/posts"}],"about":[{"href":"https:\/\/blog.ilgiornale.it\/ruzzo\/wp-json\/wp\/v2\/types\/post"}],"author":[{"embeddable":true,"href":"https:\/\/blog.ilgiornale.it\/ruzzo\/wp-json\/wp\/v2\/users\/956"}],"replies":[{"embeddable":true,"href":"https:\/\/blog.ilgiornale.it\/ruzzo\/wp-json\/wp\/v2\/comments?post=27394"}],"version-history":[{"count":2,"href":"https:\/\/blog.ilgiornale.it\/ruzzo\/wp-json\/wp\/v2\/posts\/27394\/revisions"}],"predecessor-version":[{"id":27400,"href":"https:\/\/blog.ilgiornale.it\/ruzzo\/wp-json\/wp\/v2\/posts\/27394\/revisions\/27400"}],"wp:attachment":[{"href":"https:\/\/blog.ilgiornale.it\/ruzzo\/wp-json\/wp\/v2\/media?parent=27394"}],"wp:term":[{"taxonomy":"category","embeddable":true,"href":"https:\/\/blog.ilgiornale.it\/ruzzo\/wp-json\/wp\/v2\/categories?post=27394"},{"taxonomy":"post_tag","embeddable":true,"href":"https:\/\/blog.ilgiornale.it\/ruzzo\/wp-json\/wp\/v2\/tags?post=27394"}],"curies":[{"name":"wp","href":"https:\/\/api.w.org\/{rel}","templated":true}]}}