{"id":27416,"date":"2020-02-16T17:56:53","date_gmt":"2020-02-16T16:56:53","guid":{"rendered":"https:\/\/blog.ilgiornale.it\/ruzzo\/?p=27416"},"modified":"2020-02-16T17:56:53","modified_gmt":"2020-02-16T16:56:53","slug":"straneo-e-donofrio-campioni-italiani-di-mezza-maratona","status":"publish","type":"post","link":"https:\/\/blog.ilgiornale.it\/ruzzo\/2020\/02\/16\/straneo-e-donofrio-campioni-italiani-di-mezza-maratona\/","title":{"rendered":"Straneo e D&#8217;Onofrio campioni italiani di mezza maratona"},"content":{"rendered":"<p><a href=\"https:\/\/blog.ilgiornale.it\/ruzzo\/files\/2020\/02\/vale.jpg\"><img loading=\"lazy\" class=\"alignright size-medium wp-image-27417\" src=\"https:\/\/blog.ilgiornale.it\/ruzzo\/files\/2020\/02\/vale-300x204.jpg\" alt=\"vale\" width=\"300\" height=\"204\" srcset=\"https:\/\/blog.ilgiornale.it\/ruzzo\/files\/2020\/02\/vale-300x204.jpg 300w, https:\/\/blog.ilgiornale.it\/ruzzo\/files\/2020\/02\/vale.jpg 442w\" sizes=\"(max-width: 300px) 100vw, 300px\" \/><\/a>&#8220;Sono veramente contenta . Il percorso di Verona non \u00e8 particolarmente veloce e correre in meno di 1h12, per me \u00e8 davvero significativo&#8221;.\u00a0Ancora un centro per <strong>Valeria Straneo<\/strong> (Laguna Running), che si impone nella mezza\u00a0 maratona tricolore di Verona e conquista con il miglior crono stagionale dell\u2019anno ( 1h11\u201934&#8243;) il quarto titolo in carriera sulla distanza.\u00a0 L&#8217;azzurra si mette alle spalle\u00a0la keniana <strong>Lenah Jerotich<\/strong> (1h11\u201943&#8243;) e, anche per il podio tricolore,\u00a0 <strong>Giovanna Epis<\/strong> (carabinieri, 1h12\u201913&#8243;) e <strong>Federica Sugamiele<\/strong> (Caivano Runners, 1h13\u201904&#8243;). &#8221; Non ho avuto particolari problemi- racconta subito dopo il traguardo. solo un po&#8217; di fatica nel finale, ma tutto decisamente nei limiti quindi non posso lamentarmi. Se tutto andr\u00e0 per il meglio, correr\u00f2 una maratona in aprile, anche se non ho ancora deciso quale. L\u2019obiettivo? Non mi nascondo, \u00e8 riuscire a ottenere il minimo olimpico\u00a0 per conquistare la mia terza Olimpiade: non credo di essere distante. Valencia non \u00e8 andata come volevo perch\u00e8, venendo da un infortunio, probabilmente non ero riuscita a costruire una base adeguata di chilometri. Ora \u00e8 diverso, e alla fine anche Valencia potrebbe rivelarsi un passo fondamentale nel ritorno alla condizione&#8230;&#8221;.\u00a0\u00a0Tra gli uomini, di fronte al dt azzurro\u00a0 <strong>Antonio La Torre,<\/strong>\u00a0spettatore interessato in vista del Mondiale di specialit\u00e0 a Gdynia in Polonia il prossimo 29 marzo, la maglia tricolore va\u00a0 sulle spalle di <strong>Daniele D\u2019Onofrio<\/strong> (Fiamme Oro), quinto assoluto al traguardo in un buon 1h03\u201915&#8243;. La vittoria \u00e8 invece del keniano <strong>Joel Maina Mwangi<\/strong> (Dinamo Sport) in un notevole 1h00\u201940&#8243; che precede i connazionali <strong>Solomon Koech<\/strong> (1h00\u201956&#8243;) e <strong>Ishmael Chelanga Kalale<\/strong> (Casone Noceto, 1h01\u201926&#8243;)<\/p>\n","protected":false},"excerpt":{"rendered":"<p><p>&#8220;Sono veramente contenta . Il percorso di Verona non \u00e8 particolarmente veloce e correre in meno di 1h12, per me \u00e8 davvero significativo&#8221;.\u00a0Ancora un centro per Valeria Straneo (Laguna Running), che si impone nella mezza\u00a0 maratona tricolore di Verona e conquista con il miglior crono stagionale dell\u2019anno ( 1h11\u201934&#8243;) il quarto titolo in carriera sulla distanza.\u00a0 L&#8217;azzurra si mette alle spalle\u00a0la keniana Lenah Jerotich (1h11\u201943&#8243;) e, anche per il podio tricolore,\u00a0 Giovanna Epis (carabinieri, 1h12\u201913&#8243;) e Federica Sugamiele (Caivano Runners, 1h13\u201904&#8243;). &#8221; Non ho avuto particolari problemi- racconta subito dopo il traguardo. solo un po&#8217; di fatica nel finale, ma [&hellip;]<\/p>\n&nbsp;&nbsp;<div class=\"readmore\"><a href=\"https:\/\/blog.ilgiornale.it\/ruzzo\/2020\/02\/16\/straneo-e-donofrio-campioni-italiani-di-mezza-maratona\/\">Continua a leggere...<\/a><\/div><\/p>","protected":false},"author":956,"featured_media":0,"comment_status":"open","ping_status":"closed","sticky":false,"template":"","format":"standard","meta":[],"categories":[1],"tags":[],"_links":{"self":[{"href":"https:\/\/blog.ilgiornale.it\/ruzzo\/wp-json\/wp\/v2\/posts\/27416"}],"collection":[{"href":"https:\/\/blog.ilgiornale.it\/ruzzo\/wp-json\/wp\/v2\/posts"}],"about":[{"href":"https:\/\/blog.ilgiornale.it\/ruzzo\/wp-json\/wp\/v2\/types\/post"}],"author":[{"embeddable":true,"href":"https:\/\/blog.ilgiornale.it\/ruzzo\/wp-json\/wp\/v2\/users\/956"}],"replies":[{"embeddable":true,"href":"https:\/\/blog.ilgiornale.it\/ruzzo\/wp-json\/wp\/v2\/comments?post=27416"}],"version-history":[{"count":1,"href":"https:\/\/blog.ilgiornale.it\/ruzzo\/wp-json\/wp\/v2\/posts\/27416\/revisions"}],"predecessor-version":[{"id":27418,"href":"https:\/\/blog.ilgiornale.it\/ruzzo\/wp-json\/wp\/v2\/posts\/27416\/revisions\/27418"}],"wp:attachment":[{"href":"https:\/\/blog.ilgiornale.it\/ruzzo\/wp-json\/wp\/v2\/media?parent=27416"}],"wp:term":[{"taxonomy":"category","embeddable":true,"href":"https:\/\/blog.ilgiornale.it\/ruzzo\/wp-json\/wp\/v2\/categories?post=27416"},{"taxonomy":"post_tag","embeddable":true,"href":"https:\/\/blog.ilgiornale.it\/ruzzo\/wp-json\/wp\/v2\/tags?post=27416"}],"curies":[{"name":"wp","href":"https:\/\/api.w.org\/{rel}","templated":true}]}}