{"id":27925,"date":"2020-06-07T20:17:11","date_gmt":"2020-06-07T18:17:11","guid":{"rendered":"https:\/\/blog.ilgiornale.it\/ruzzo\/?p=27925"},"modified":"2020-06-07T20:17:11","modified_gmt":"2020-06-07T18:17:11","slug":"zanardi-guida-la-staffetta-paralimpica-che-riunira-litalia","status":"publish","type":"post","link":"https:\/\/blog.ilgiornale.it\/ruzzo\/2020\/06\/07\/zanardi-guida-la-staffetta-paralimpica-che-riunira-litalia\/","title":{"rendered":"Zanardi guida la staffetta paralimpica che riunir\u00e0 l&#8217;Italia"},"content":{"rendered":"<p><a href=\"https:\/\/blog.ilgiornale.it\/ruzzo\/files\/2020\/06\/Alex-Zanardi.jpg\"><img loading=\"lazy\" class=\"alignright size-medium wp-image-27926\" src=\"https:\/\/blog.ilgiornale.it\/ruzzo\/files\/2020\/06\/Alex-Zanardi-300x168.jpg\" alt=\"Alex-Zanardi\" width=\"300\" height=\"168\" srcset=\"https:\/\/blog.ilgiornale.it\/ruzzo\/files\/2020\/06\/Alex-Zanardi-300x168.jpg 300w, https:\/\/blog.ilgiornale.it\/ruzzo\/files\/2020\/06\/Alex-Zanardi.jpg 820w\" sizes=\"(max-width: 300px) 100vw, 300px\" \/><\/a>Una staffetta, una squadra di 52 atleti paralimpici e un lungo viaggio di due settimane\u00a0 che unir\u00e0 l&#8217;Italia in periodo, quello del lockdown, che sta rischiando di dividerla. &#8220;Obbiettivo Tricolore&#8221; dal 12 al 28 giugno vedr\u00e0 una squadra &#8220;capitanata&#8221; da <strong>Alex Zanardi<\/strong> passarsi il testimone partendo da nord, ai confini con la Svizzera, fino ad arrivare a sud, a Santa Maria di Leuca.\u00a0 Gli atleti percorreranno il loro tragitto in handbike, in bicicletta o in carrozzina olimpica:\u00a0&#8220;Sar\u00e0 un modo per abbracciare luoghi e persone del nostro straordinario paese- spiegano gli organizzatori- e durante il viaggio saranno allestiti diversi eventi e incontri speciali per rendere sempre pi\u00f9 forte questo messaggio di rinascita. Sar\u00e0 una festa itinerante&#8221; . La prima partenza \u00e8 fissata per venerd\u00ec 12 giugno da Luino, sul lago Maggiore. Da qui la carovana percorrer\u00e0 tutta la Lombardia, sconfiner\u00e0 in Emilia e arriver\u00e0 a Firenze, in Piazza della Signoria, dove si congiungeranno i tre percorsi e sar\u00e0 allestito un evento ad hoc il 18 giugno. La seconda partenza, sabato 13, scatter\u00e0 da Levico Terme in Trentino, passer\u00e0 Friuli e Veneto e dalla Romagna arriver\u00e0 a Firenze. La terza, invece, partendo dalla provincia di Cuneo il 16 giugno, passer\u00e0 per Genova e il Ponte Morandi, fino a sbarcare in Toscana. Il 19 giugno, riuniti i testimoni e, idealmente, i tre colori della bandiera, la staffetta riprender\u00e0 il proprio viaggio verso il Lazio, valicando gli Appennini, fino ad arrivare al tacco d\u2019Italia, a Santa Maria di Leuca, dove domenica 28 giugno l\u2019ultimo atleta isser\u00e0 al cielo la bandiera simbolo della manifestazione. In totale saranno percorsi 3mila chilometri da 52 atleti paralimpici che si alterneranno per 43 tappe e toccheranno 14 regioni d\u2019Italia, compresa la Sardegna, dove un\u2019atleta imbarcher\u00e0 il proprio testimone per farlo raccogliere a Civitavecchia.\u00a0 Alex Zanardi, fondatore e anima di Obiettivo3, sar\u00e0 presente in vari punti del percorso : \u00abObiettivo3 \u00e8 nato dichiarando diverse ambizioni, tra le quali quella di provare a portare tre atleti ai giochi paralimpici- spiega il campione- Ma fin dai primi passi abbiamo unito le nostre ambizioni di carattere agonistico a una vocazione pi\u00f9 ampia che anima e ispira gli atleti. I nostri ragazzi hanno una voglia enorme di sfruttare le opportunit\u00e0 che si trovano davanti per superare le difficolt\u00e0 della vita. L\u2019occasione \u00e8 di compiere una piccola impresa che possa anche ispirare le persone, svelando come esista sempre spazio per reagire, per ripartire e incidere positivamente su un futuro che \u00e8 ancora tutto da scrivere&#8221;<\/p>\n","protected":false},"excerpt":{"rendered":"<p><p>Una staffetta, una squadra di 52 atleti paralimpici e un lungo viaggio di due settimane\u00a0 che unir\u00e0 l&#8217;Italia in periodo, quello del lockdown, che sta rischiando di dividerla. &#8220;Obbiettivo Tricolore&#8221; dal 12 al 28 giugno vedr\u00e0 una squadra &#8220;capitanata&#8221; da Alex Zanardi passarsi il testimone partendo da nord, ai confini con la Svizzera, fino ad arrivare a sud, a Santa Maria di Leuca.\u00a0 Gli atleti percorreranno il loro tragitto in handbike, in bicicletta o in carrozzina olimpica:\u00a0&#8220;Sar\u00e0 un modo per abbracciare luoghi e persone del nostro straordinario paese- spiegano gli organizzatori- e durante il viaggio saranno allestiti diversi eventi e [&hellip;]<\/p>\n&nbsp;&nbsp;<div class=\"readmore\"><a href=\"https:\/\/blog.ilgiornale.it\/ruzzo\/2020\/06\/07\/zanardi-guida-la-staffetta-paralimpica-che-riunira-litalia\/\">Continua a leggere...<\/a><\/div><\/p>","protected":false},"author":956,"featured_media":0,"comment_status":"open","ping_status":"closed","sticky":false,"template":"","format":"standard","meta":[],"categories":[1],"tags":[],"_links":{"self":[{"href":"https:\/\/blog.ilgiornale.it\/ruzzo\/wp-json\/wp\/v2\/posts\/27925"}],"collection":[{"href":"https:\/\/blog.ilgiornale.it\/ruzzo\/wp-json\/wp\/v2\/posts"}],"about":[{"href":"https:\/\/blog.ilgiornale.it\/ruzzo\/wp-json\/wp\/v2\/types\/post"}],"author":[{"embeddable":true,"href":"https:\/\/blog.ilgiornale.it\/ruzzo\/wp-json\/wp\/v2\/users\/956"}],"replies":[{"embeddable":true,"href":"https:\/\/blog.ilgiornale.it\/ruzzo\/wp-json\/wp\/v2\/comments?post=27925"}],"version-history":[{"count":1,"href":"https:\/\/blog.ilgiornale.it\/ruzzo\/wp-json\/wp\/v2\/posts\/27925\/revisions"}],"predecessor-version":[{"id":27927,"href":"https:\/\/blog.ilgiornale.it\/ruzzo\/wp-json\/wp\/v2\/posts\/27925\/revisions\/27927"}],"wp:attachment":[{"href":"https:\/\/blog.ilgiornale.it\/ruzzo\/wp-json\/wp\/v2\/media?parent=27925"}],"wp:term":[{"taxonomy":"category","embeddable":true,"href":"https:\/\/blog.ilgiornale.it\/ruzzo\/wp-json\/wp\/v2\/categories?post=27925"},{"taxonomy":"post_tag","embeddable":true,"href":"https:\/\/blog.ilgiornale.it\/ruzzo\/wp-json\/wp\/v2\/tags?post=27925"}],"curies":[{"name":"wp","href":"https:\/\/api.w.org\/{rel}","templated":true}]}}