{"id":27935,"date":"2020-06-10T10:29:41","date_gmt":"2020-06-10T08:29:41","guid":{"rendered":"https:\/\/blog.ilgiornale.it\/ruzzo\/?p=27935"},"modified":"2020-06-10T10:29:41","modified_gmt":"2020-06-10T08:29:41","slug":"assalto-ai-ciclisti-vendite-bici-record","status":"publish","type":"post","link":"https:\/\/blog.ilgiornale.it\/ruzzo\/2020\/06\/10\/assalto-ai-ciclisti-vendite-bici-record\/","title":{"rendered":"Assalto ai ciclisti, vendite bici record"},"content":{"rendered":"<p><a href=\"https:\/\/blog.ilgiornale.it\/ruzzo\/files\/2017\/07\/maldi.jpg\"><img loading=\"lazy\" class=\"alignright size-medium wp-image-22359\" src=\"https:\/\/blog.ilgiornale.it\/ruzzo\/files\/2017\/07\/maldi-300x224.jpg\" alt=\"maldi\" width=\"300\" height=\"224\" srcset=\"https:\/\/blog.ilgiornale.it\/ruzzo\/files\/2017\/07\/maldi-300x224.jpg 300w, https:\/\/blog.ilgiornale.it\/ruzzo\/files\/2017\/07\/maldi.jpg 640w\" sizes=\"(max-width: 300px) 100vw, 300px\" \/><\/a>I conti si faranno dopo l&#8217;autunno ma per ora la bici va. E va forte. Ciclisti presi d&#8217;assalto, scaffali della grande distribuzione sportiva svuotati, settimane e settimane per le consegne on line di mezzi ed accessori. E&#8217; una delle poche vere &#8220;ripartenze&#8221; quella del ciclo con numeri che non lasciano dubbi.\u00a0E&#8217; quanto emerge da un&#8217;analisi di &#8220;Idealo&#8221;, portale internazionale di comparazione prezzi in Europa, che ha voluto verificare l&#8217;incidenza degli ultimi incentivi economici sulle ricerche online di prodotti della categoria.\u00a0Bici e Accessori e legati alla micro-mobilit\u00e0. Dall&#8217;analisi emerge che, a fronte di un incremento generale del +225,4%, \u00e8 aumentato in particolare l&#8217;interesse verso le<br \/>\nbici da citt\u00e0 (+1285,3%), le\u00a0bici elettriche (+912,9%), le\u00a0bici pieghevoli (+522,8%), i monopattini elettrici (+457,2%) e gli skateboard (+439,3%). &#8220;La bicicletta, rimasta in garage per tutta la fase di lockdown, \u00e8 stata uno dei prodotti pi\u00f9 cercati appena si \u00e8 iniziata a prospettare una fase di maggiore libert\u00e0-\u00a0afferma <strong>Fabio Plebani,<\/strong> Country Manager di idealo per l&#8217;Italia-\u00a0 A favorirne l&#8217;interesse sono stati sicuramente gli ultimi incentivi messi a disposizione dal Governo ed \u00e8 molto interessante notare, per\u00f2, che a fronte di questi incentivi, sono cresciute di molto le ricerche per bici da citt\u00e0 e mezzi di micro-mobilit\u00e0, segnale che gli Italiani sono maggiormente propensi a spostarsi con questi mezzi che garantiscono una maggiore sicurezza e distanziamento sociale. Sar\u00e0 interessante notare se questo trend si manterr\u00e0 anche alla ripresa delle attivit\u00e0 in Autunno, soprattutto se le amministrazioni locali sapranno investire nel rendere sempre pi\u00f9 le citt\u00e0 &#8216;bike friendly&#8217;, considerando che la mobilit\u00e0 ciclabile conviene a tutti oltre a permettere anche notevoli risparmi ai cittadini.&#8221;. Ma non crescono solo le vendite di bici legate alla mobilit\u00e0 cittadina. \u00a0Il ciclismo \u00e8 uno degli sport pi\u00f9 amati dagli Italiani, con oltre 2 milioni di ciclisti praticanti e la fine del lockdown, la voglia di stare all&#8217;aperto, la prospettiva di vacanze legate all&#8217;idea del cicloturismo hanno fatto lievitare anche le vendite per bici gravel e da fuoristrada (+915,0%), per le mountain bike (+902,0%),\u00a0 per le bici da corsa (+407,0%),\u00a0 bici per bambini (+342,0%). Confrontando i due periodi L&#8217;indagine di Idealo evidenzia una flessione dei prezzi tra i periodi pre e post lockdown: sono diminuiti i prezzi di biciclette (-19,6%), mountain bike (-10,7%), caschi per bici (-10,5%), skateboard cruiser (-7,6%), bici elettriche (-3,9%) e monopattini (-3,3%). Sono aumentati invece i prezzi delle biciclette da corsa (+49,7%), degli hoverboard (+18,1%) e dei monopattini elettrici (+13,4%). Mentre a livello europeo si discute su possibili utilizzi dei nuovi fondi Ue per la mobilit\u00e0 anche a favore della mobilit\u00e0 ciclistica, equiparandola quindi al settore automobilistico e al trasporto pubblico, in Italia, anche grazia alla spinta degli incentivi contenuti nel decreto Rilancio, la crescita dell&#8217;interesse verso l&#8217;acquisto di\u00a0 bici elettriche e monopattini elettrici, nell&#8217;ultimo mese, \u00e8 stata molto superiore rispetto a quella di altri paesi europei. Mettendo a confronto i dati di sei paesi europei, infatti, la crescita di interesse in Italia verso l&#8217;acquisto di bici elettriche \u00e8 stata di oltre il 900% (+912,9%), contro il +140,0% in UK, +120,4% in Francia, +92,2% in Germania e Austria e +66,5% in Spagna. Il divario si riduce ma rimane alto per quanto riguarda i monopattini elettrici con una crescita di interesse in Italia del +457,2% contro il +260,7% in UK, +153,6% in Francia, +85,9% in Austria, +78,3% in Spagna e 5,9% in Germania. &#8216;<\/p>\n","protected":false},"excerpt":{"rendered":"<p><p>I conti si faranno dopo l&#8217;autunno ma per ora la bici va. E va forte. Ciclisti presi d&#8217;assalto, scaffali della grande distribuzione sportiva svuotati, settimane e settimane per le consegne on line di mezzi ed accessori. E&#8217; una delle poche vere &#8220;ripartenze&#8221; quella del ciclo con numeri che non lasciano dubbi.\u00a0E&#8217; quanto emerge da un&#8217;analisi di &#8220;Idealo&#8221;, portale internazionale di comparazione prezzi in Europa, che ha voluto verificare l&#8217;incidenza degli ultimi incentivi economici sulle ricerche online di prodotti della categoria.\u00a0Bici e Accessori e legati alla micro-mobilit\u00e0. Dall&#8217;analisi emerge che, a fronte di un incremento generale del +225,4%, \u00e8 aumentato in [&hellip;]<\/p>\n&nbsp;&nbsp;<div class=\"readmore\"><a href=\"https:\/\/blog.ilgiornale.it\/ruzzo\/2020\/06\/10\/assalto-ai-ciclisti-vendite-bici-record\/\">Continua a leggere...<\/a><\/div><\/p>","protected":false},"author":956,"featured_media":0,"comment_status":"open","ping_status":"closed","sticky":false,"template":"","format":"standard","meta":[],"categories":[1],"tags":[],"_links":{"self":[{"href":"https:\/\/blog.ilgiornale.it\/ruzzo\/wp-json\/wp\/v2\/posts\/27935"}],"collection":[{"href":"https:\/\/blog.ilgiornale.it\/ruzzo\/wp-json\/wp\/v2\/posts"}],"about":[{"href":"https:\/\/blog.ilgiornale.it\/ruzzo\/wp-json\/wp\/v2\/types\/post"}],"author":[{"embeddable":true,"href":"https:\/\/blog.ilgiornale.it\/ruzzo\/wp-json\/wp\/v2\/users\/956"}],"replies":[{"embeddable":true,"href":"https:\/\/blog.ilgiornale.it\/ruzzo\/wp-json\/wp\/v2\/comments?post=27935"}],"version-history":[{"count":3,"href":"https:\/\/blog.ilgiornale.it\/ruzzo\/wp-json\/wp\/v2\/posts\/27935\/revisions"}],"predecessor-version":[{"id":27939,"href":"https:\/\/blog.ilgiornale.it\/ruzzo\/wp-json\/wp\/v2\/posts\/27935\/revisions\/27939"}],"wp:attachment":[{"href":"https:\/\/blog.ilgiornale.it\/ruzzo\/wp-json\/wp\/v2\/media?parent=27935"}],"wp:term":[{"taxonomy":"category","embeddable":true,"href":"https:\/\/blog.ilgiornale.it\/ruzzo\/wp-json\/wp\/v2\/categories?post=27935"},{"taxonomy":"post_tag","embeddable":true,"href":"https:\/\/blog.ilgiornale.it\/ruzzo\/wp-json\/wp\/v2\/tags?post=27935"}],"curies":[{"name":"wp","href":"https:\/\/api.w.org\/{rel}","templated":true}]}}