{"id":27943,"date":"2020-06-12T18:55:41","date_gmt":"2020-06-12T16:55:41","guid":{"rendered":"https:\/\/blog.ilgiornale.it\/ruzzo\/?p=27943"},"modified":"2020-06-12T18:55:41","modified_gmt":"2020-06-12T16:55:41","slug":"e-a-ferragosto-il-giro-di-lombardia","status":"publish","type":"post","link":"https:\/\/blog.ilgiornale.it\/ruzzo\/2020\/06\/12\/e-a-ferragosto-il-giro-di-lombardia\/","title":{"rendered":"E a Ferragosto il Giro di Lombardia"},"content":{"rendered":"<p><a href=\"https:\/\/blog.ilgiornale.it\/ruzzo\/files\/2019\/08\/cic.jpg\"><img loading=\"lazy\" class=\"alignleft size-medium wp-image-26608\" src=\"https:\/\/blog.ilgiornale.it\/ruzzo\/files\/2019\/08\/cic-300x164.jpg\" alt=\"cic\" width=\"300\" height=\"164\" srcset=\"https:\/\/blog.ilgiornale.it\/ruzzo\/files\/2019\/08\/cic-300x164.jpg 300w, https:\/\/blog.ilgiornale.it\/ruzzo\/files\/2019\/08\/cic-1024x558.jpg 1024w, https:\/\/blog.ilgiornale.it\/ruzzo\/files\/2019\/08\/cic.jpg 1200w\" sizes=\"(max-width: 300px) 100vw, 300px\" \/><\/a>Altro che tuffo in mare, scampagnata in montagna, gita o grigliata con gli amici. A Ferragosto quest&#8217;anno c&#8217;\u00e8 il Giro di Lombardia. Quindi ci si piazza davanti alla tv e l\u00ec si sta per tutto il pomeriggio. Prima il ciclismo. Strano per\u00f2. Strano davvero. La classica d&#8217;autunno, quella delle foglie morte, quella che chiude la stagione, quella che spesso piove ma ha anche nevica, che \u00e8 tutta un togli e metti di mantelline e bracciali, di fari accesi delle ammiraglie che spuntano tra nuvole cariche di pioggia e nebbie che &#8220;si tagliano con il coltello&#8221; quest&#8217;anno si corre in costume. E&#8217; l&#8217;onda lunga di un virus che non ci ha reso migliori ma ha cambiato le nostre abitudini complicandoci un bel po&#8217; la vita. Tant&#8217;\u00e8. Si \u00e8 passati dall&#8217;emergenza, alla quarantena, alla fase due , tre chiss\u00e0 cosa ci aspetta ancora, in un susseguirsi di decreti, ordinanze, autocertificazioni che si sono aggrovigliati finendo per rendere difficile\u00a0 anche solo mangiare una pizza o bere un caff\u00e8. Nel frullatore c&#8217;\u00e8 finito anche lo sport. Quello di tutti i giorni, dei tapascioni, nuovi untori del contagio, costretti a correre e pedalare intorno alle mura di casa, senza allontanarsi troppo, sfidando gli insulti ( e le botte) delle tante, troppe, zelanti sentinelle appostate sui balconi. Ma ci \u00e8 finito anche lo sport dei campioni, dei professionisti, quello che muove sponsor e &#8220;dan\u00e8&#8221; a partire dal grande calcio per finire alle olimpiadi slittate di una anno. E il ciclismo?\u00a0 Idem. Un minestrone di classiche e di grandi Giri prima rinviati, poi saltati e poi rifissati in date che come direbbe la fantatsica voce dell atletica in Rai Franco Bragagna &#8220;mai ci saremmo sognati di potervi raccontare&#8230;&#8221;.<\/p>\n<blockquote>\n<h2><strong>AGOSTO<\/strong><\/h2>\n<ul>\n<li><strong>1 agosto<\/strong>:\u00a0<strong>Strade Bianche<\/strong>\u00a0(Italia)<\/li>\n<li><strong>5-9 agosto<\/strong>:\u00a0<strong>Tour de Pologne<\/strong>\u00a0(Polonia)<\/li>\n<li><strong>8 agosto<\/strong>:\u00a0<strong>Milano-Sanremo<\/strong>\u00a0(Italia)<\/li>\n<li><strong>12-16 agosto<\/strong>:\u00a0<strong>Giro del Delfinato<\/strong>\u00a0(Francia)<\/li>\n<li><strong>15 agosto<\/strong>:\u00a0<strong>Giro di Lombardia<\/strong>\u00a0(Italia)<\/li>\n<li><strong>20-23 agosto<\/strong>:\u00a0<strong>Campionati Nazionali<\/strong><\/li>\n<li><strong>24-28 agosto<\/strong>:\u00a0<strong>Campionati Europei<\/strong><\/li>\n<li><strong>25 agosto<\/strong>:\u00a0<strong>Bretagne Classic Ouest France<\/strong>\u00a0(Francia)<\/li>\n<li><strong>29 agosto-20 settembre<\/strong>:\u00a0<strong>Tour de France<\/strong>\u00a0(Francia)<\/li>\n<\/ul>\n<h2><strong>SETTEMBRE<\/strong><\/h2>\n<ul>\n<li><strong>7-14 settembre<\/strong>:\u00a0<strong>Tirreno-Adriatico<\/strong>\u00a0(Italia)<\/li>\n<li><strong>11 settembre<\/strong>:\u00a0<strong>Grand Prix Cycliste de Quebec<\/strong>\u00a0(Canada)<\/li>\n<li><strong>13 settembre<\/strong>:\u00a0<strong>Grand Prix Cycliste de Montreal\u00a0<\/strong>(Canada)<\/li>\n<li><strong>20-27 settembre<\/strong>:\u00a0<strong>Mondiali di ciclismo su strada<\/strong><\/li>\n<li><strong>30 settembre<\/strong>:\u00a0<strong>Freccia Vallone\u00a0<\/strong>(Belgio)<\/li>\n<li><strong>30 settembre-3 ottobre<\/strong>:\u00a0<strong>BinckBank Tour<\/strong>\u00a0(Belgio\/Olanda)<\/li>\n<\/ul>\n<h2><strong>OTTOBRE<\/strong><\/h2>\n<ul>\n<li><strong>3-25 ottobre<\/strong>:\u00a0<strong>Giro d\u2019Italia<\/strong>\u00a0(Italia)<\/li>\n<li><strong>3 ottobre<\/strong>:\u00a0<strong>Classica di Amburgo<\/strong>\u00a0(Germania)<\/li>\n<li><strong>4 ottobre<\/strong>:\u00a0<strong>Liegi-Bastogne-Liegi<\/strong>\u00a0(Belgio)<\/li>\n<li><strong>10 ottobre<\/strong>:\u00a0<strong>Amstel Gold Race\u00a0<\/strong>(Olanda)<\/li>\n<li><strong>11 ottobre<\/strong>:\u00a0<strong>Gent-Wevelgem in Flanders Fields<\/strong>\u00a0(Belgio)<\/li>\n<li><strong>18 ottobre<\/strong>:\u00a0<strong>Giro delle Fiandre\u00a0<\/strong>(Belgio)<\/li>\n<li><strong>20 ottobre-8 novembre<\/strong>:\u00a0<strong>Vuelta<\/strong>\u00a0(Spagna)<\/li>\n<li><strong>21 ottobre<\/strong>:\u00a0<strong>Driedaagse Brugge-De Panne<\/strong>\u00a0(Belgio)<\/li>\n<li><strong>25 ottobre<\/strong>:<strong>\u00a0Parigi-Roubaix<\/strong>\u00a0(Francia)<\/li>\n<\/ul>\n<p>&nbsp;<\/p><\/blockquote>\n<p>&nbsp;<\/p>\n<p>&nbsp;<\/p>\n","protected":false},"excerpt":{"rendered":"<p><p>Altro che tuffo in mare, scampagnata in montagna, gita o grigliata con gli amici. A Ferragosto quest&#8217;anno c&#8217;\u00e8 il Giro di Lombardia. Quindi ci si piazza davanti alla tv e l\u00ec si sta per tutto il pomeriggio. Prima il ciclismo. Strano per\u00f2. Strano davvero. La classica d&#8217;autunno, quella delle foglie morte, quella che chiude la stagione, quella che spesso piove ma ha anche nevica, che \u00e8 tutta un togli e metti di mantelline e bracciali, di fari accesi delle ammiraglie che spuntano tra nuvole cariche di pioggia e nebbie che &#8220;si tagliano con il coltello&#8221; quest&#8217;anno si corre in costume. [&hellip;]<\/p>\n&nbsp;&nbsp;<div class=\"readmore\"><a href=\"https:\/\/blog.ilgiornale.it\/ruzzo\/2020\/06\/12\/e-a-ferragosto-il-giro-di-lombardia\/\">Continua a leggere...<\/a><\/div><\/p>","protected":false},"author":956,"featured_media":0,"comment_status":"open","ping_status":"closed","sticky":false,"template":"","format":"standard","meta":[],"categories":[1],"tags":[],"_links":{"self":[{"href":"https:\/\/blog.ilgiornale.it\/ruzzo\/wp-json\/wp\/v2\/posts\/27943"}],"collection":[{"href":"https:\/\/blog.ilgiornale.it\/ruzzo\/wp-json\/wp\/v2\/posts"}],"about":[{"href":"https:\/\/blog.ilgiornale.it\/ruzzo\/wp-json\/wp\/v2\/types\/post"}],"author":[{"embeddable":true,"href":"https:\/\/blog.ilgiornale.it\/ruzzo\/wp-json\/wp\/v2\/users\/956"}],"replies":[{"embeddable":true,"href":"https:\/\/blog.ilgiornale.it\/ruzzo\/wp-json\/wp\/v2\/comments?post=27943"}],"version-history":[{"count":1,"href":"https:\/\/blog.ilgiornale.it\/ruzzo\/wp-json\/wp\/v2\/posts\/27943\/revisions"}],"predecessor-version":[{"id":27947,"href":"https:\/\/blog.ilgiornale.it\/ruzzo\/wp-json\/wp\/v2\/posts\/27943\/revisions\/27947"}],"wp:attachment":[{"href":"https:\/\/blog.ilgiornale.it\/ruzzo\/wp-json\/wp\/v2\/media?parent=27943"}],"wp:term":[{"taxonomy":"category","embeddable":true,"href":"https:\/\/blog.ilgiornale.it\/ruzzo\/wp-json\/wp\/v2\/categories?post=27943"},{"taxonomy":"post_tag","embeddable":true,"href":"https:\/\/blog.ilgiornale.it\/ruzzo\/wp-json\/wp\/v2\/tags?post=27943"}],"curies":[{"name":"wp","href":"https:\/\/api.w.org\/{rel}","templated":true}]}}