{"id":27957,"date":"2020-06-15T19:32:31","date_gmt":"2020-06-15T17:32:31","guid":{"rendered":"https:\/\/blog.ilgiornale.it\/ruzzo\/?p=27957"},"modified":"2020-06-15T19:32:31","modified_gmt":"2020-06-15T17:32:31","slug":"maturita-quanto-mi-mancherai","status":"publish","type":"post","link":"https:\/\/blog.ilgiornale.it\/ruzzo\/2020\/06\/15\/maturita-quanto-mi-mancherai\/","title":{"rendered":"Maturit\u00e0, quanto mi mancherai&#8230;"},"content":{"rendered":"<p><a href=\"https:\/\/blog.ilgiornale.it\/ruzzo\/files\/2020\/06\/44_1503513.jpg\"><img loading=\"lazy\" class=\"alignleft size-medium wp-image-27958\" src=\"https:\/\/blog.ilgiornale.it\/ruzzo\/files\/2020\/06\/44_1503513-300x199.jpg\" alt=\"maturita prima e dopo\" width=\"300\" height=\"199\" srcset=\"https:\/\/blog.ilgiornale.it\/ruzzo\/files\/2020\/06\/44_1503513-300x199.jpg 300w, https:\/\/blog.ilgiornale.it\/ruzzo\/files\/2020\/06\/44_1503513.jpg 445w\" sizes=\"(max-width: 300px) 100vw, 300px\" \/><\/a>A tutti quelli che l&#8217;hanno fatta la maturit\u00e0 non mancher\u00e0. Anzi. Rester\u00e0 uno dei sogni ricorrenti, spesso un incubo. Greco, latino, matematica e poi l&#8217;orale con tutte le materie, poi due, poi una estratta a sorte ed una a scelta a seconda degli anni, dei ministri, delle riforme. Ma quest&#8217;anno c&#8217;\u00e8 il virus. Quest&#8217;anno si cambia, quest&#8217;anno la maturit\u00e0 in pratica non si fa. Niente assembramenti, niente code davanti ai portoni dei licei con il Rocci sotto braccio, con le facce smunte,\u00a0 gli occhi &#8220;pallati&#8221; da tanti caff\u00e8 notturni e troppe sigarette. Niente tema d&#8217;italiano, l&#8217;ultima occasione per scrivere ancora un pensiero complesso senza l&#8217;obbligo di stare in 140 caratteri,\u00a0 in italiano pi\u00f9 o meno fluente e non quello &#8220;devastato&#8221; da Whatsapp o\u00a0 dai tecnicismi delle e-mail. Niente bigini, niente bigliettini infilati nei posti pi\u00f9 assurdi, niente appelli, lettere sorteggiate, scaramanzie. Niente di niente. La maturit\u00e0 quest&#8217;anno \u00e8 una pratica che si liquida in una quarantina di minuti con un&#8217; interrogazione fatta dai &#8220;prof&#8221;\u00a0 di sempre, quelli che si conoscono. Dieci minuti per la materia di indirizzo, dieci per l&#8217;italiano, venti per l&#8217;argomento assegnato durante l&#8217;anno. Fine e tutti promossi perch\u00e8 questa ( pare) sia la parola d&#8217;ordine. Ora, parliamoci chiaro, chi\u00a0 non vorrebbe una maturit\u00e0 cosi?\u00a0 Alzi la mano chi non prova invidia pensando al suo esame di tanti anni fa, alle notti insonni, alle fidanzate dimenticate, alle paure, ai dubbi, ai chilometri fatti avanti indietro in corridoio ripetendo tutto ci\u00f2 che non ne voleva sapere di restare in mente. Alzi la mano chi non baratterebbe all&#8217;istante le sue antologie sottolineate a matita,\u00a0 le tonnellate di appunti, le frasi fatte trascritte negli angolini dei dizionari con una bella interrogazione cotta e mangiata dall&#8217;esito quasi scontato? Tutti. A diciott&#8217;annni sicuramente tutti, ch\u00e8 la vita \u00e8 adesso e c&#8217;\u00e8 la vacanza in Grecia che aspetta. Poi per\u00f2 gli anni passano e anche pi\u00f9 in fretta di ci\u00f2 che si crede. Molto si perde per strada, molto si dimentica, molto si rimpiange. La maturit\u00e0 no. La maturit\u00e0 non fa parte dei rimpianti perch\u00e8 per fortuna \u00e8 per sempre, impressa nella mente e pronta a tornare a fior di pelle quanto ci si\u00a0 ripensa.\u00a0 Come diceva Eduardo gli esami non finiscono mai ma la maturit\u00e0 \u00e8 l&#8217;unico esame che alla fine resta, che torna, ritorna e ritorna ancora. Una fortuna averla fatta, una fortuna averla fatta come una volta, come si deve. Una fortuna aver penato, faticato, tremato, temuto e alla fine gioito. \u00a0Chi far\u00e0 la maturit\u00e0 quest&#8217;anno con tutta probabilit\u00e0 la maturit\u00e0 non la ricorder\u00e0. E sar\u00e0 per sempre un po&#8217; pi\u00f9 povero&#8230;<\/p>\n","protected":false},"excerpt":{"rendered":"<p><p>A tutti quelli che l&#8217;hanno fatta la maturit\u00e0 non mancher\u00e0. Anzi. Rester\u00e0 uno dei sogni ricorrenti, spesso un incubo. Greco, latino, matematica e poi l&#8217;orale con tutte le materie, poi due, poi una estratta a sorte ed una a scelta a seconda degli anni, dei ministri, delle riforme. Ma quest&#8217;anno c&#8217;\u00e8 il virus. Quest&#8217;anno si cambia, quest&#8217;anno la maturit\u00e0 in pratica non si fa. Niente assembramenti, niente code davanti ai portoni dei licei con il Rocci sotto braccio, con le facce smunte,\u00a0 gli occhi &#8220;pallati&#8221; da tanti caff\u00e8 notturni e troppe sigarette. Niente tema d&#8217;italiano, l&#8217;ultima occasione per scrivere ancora [&hellip;]<\/p>\n&nbsp;&nbsp;<div class=\"readmore\"><a href=\"https:\/\/blog.ilgiornale.it\/ruzzo\/2020\/06\/15\/maturita-quanto-mi-mancherai\/\">Continua a leggere...<\/a><\/div><\/p>","protected":false},"author":956,"featured_media":0,"comment_status":"open","ping_status":"closed","sticky":false,"template":"","format":"standard","meta":[],"categories":[1],"tags":[],"_links":{"self":[{"href":"https:\/\/blog.ilgiornale.it\/ruzzo\/wp-json\/wp\/v2\/posts\/27957"}],"collection":[{"href":"https:\/\/blog.ilgiornale.it\/ruzzo\/wp-json\/wp\/v2\/posts"}],"about":[{"href":"https:\/\/blog.ilgiornale.it\/ruzzo\/wp-json\/wp\/v2\/types\/post"}],"author":[{"embeddable":true,"href":"https:\/\/blog.ilgiornale.it\/ruzzo\/wp-json\/wp\/v2\/users\/956"}],"replies":[{"embeddable":true,"href":"https:\/\/blog.ilgiornale.it\/ruzzo\/wp-json\/wp\/v2\/comments?post=27957"}],"version-history":[{"count":1,"href":"https:\/\/blog.ilgiornale.it\/ruzzo\/wp-json\/wp\/v2\/posts\/27957\/revisions"}],"predecessor-version":[{"id":27959,"href":"https:\/\/blog.ilgiornale.it\/ruzzo\/wp-json\/wp\/v2\/posts\/27957\/revisions\/27959"}],"wp:attachment":[{"href":"https:\/\/blog.ilgiornale.it\/ruzzo\/wp-json\/wp\/v2\/media?parent=27957"}],"wp:term":[{"taxonomy":"category","embeddable":true,"href":"https:\/\/blog.ilgiornale.it\/ruzzo\/wp-json\/wp\/v2\/categories?post=27957"},{"taxonomy":"post_tag","embeddable":true,"href":"https:\/\/blog.ilgiornale.it\/ruzzo\/wp-json\/wp\/v2\/tags?post=27957"}],"curies":[{"name":"wp","href":"https:\/\/api.w.org\/{rel}","templated":true}]}}