{"id":27961,"date":"2020-06-16T18:21:59","date_gmt":"2020-06-16T16:21:59","guid":{"rendered":"https:\/\/blog.ilgiornale.it\/ruzzo\/?p=27961"},"modified":"2020-06-16T18:30:48","modified_gmt":"2020-06-16T16:30:48","slug":"oltrepo-divino-e-in-bici-ancor-di-piu","status":"publish","type":"post","link":"https:\/\/blog.ilgiornale.it\/ruzzo\/2020\/06\/16\/oltrepo-divino-e-in-bici-ancor-di-piu\/","title":{"rendered":"Oltrep\u00f2 Divino e in bici ancor di pi\u00f9"},"content":{"rendered":"<p><a href=\"https:\/\/blog.ilgiornale.it\/ruzzo\/files\/2020\/06\/lave8.jpg\"><img loading=\"lazy\" class=\"alignleft size-thumbnail wp-image-27963\" src=\"https:\/\/blog.ilgiornale.it\/ruzzo\/files\/2020\/06\/lave8-150x150.jpg\" alt=\"lave8\" width=\"150\" height=\"150\" \/><\/a><a href=\"https:\/\/blog.ilgiornale.it\/ruzzo\/files\/2020\/06\/lave6.jpg\"><img loading=\"lazy\" class=\"alignleft size-thumbnail wp-image-27964\" src=\"https:\/\/blog.ilgiornale.it\/ruzzo\/files\/2020\/06\/lave6-150x150.jpg\" alt=\"lave6\" width=\"150\" height=\"150\" \/><\/a><a href=\"https:\/\/blog.ilgiornale.it\/ruzzo\/files\/2020\/06\/lave3.jpg\"><img loading=\"lazy\" class=\"alignleft size-thumbnail wp-image-27965\" src=\"https:\/\/blog.ilgiornale.it\/ruzzo\/files\/2020\/06\/lave3-150x150.jpg\" alt=\"lave3\" width=\"150\" height=\"150\" \/><\/a><a href=\"https:\/\/blog.ilgiornale.it\/ruzzo\/files\/2020\/06\/lave11.jpg\"><img loading=\"lazy\" class=\"alignleft size-thumbnail wp-image-27966\" src=\"https:\/\/blog.ilgiornale.it\/ruzzo\/files\/2020\/06\/lave11-150x150.jpg\" alt=\"lave11\" width=\"150\" height=\"150\" \/><\/a><a href=\"https:\/\/blog.ilgiornale.it\/ruzzo\/files\/2020\/06\/lave1.jpg\"><img loading=\"lazy\" class=\"alignleft size-thumbnail wp-image-27967\" src=\"https:\/\/blog.ilgiornale.it\/ruzzo\/files\/2020\/06\/lave1-150x150.jpg\" alt=\"lave1\" width=\"150\" height=\"150\" \/><\/a><a href=\"https:\/\/blog.ilgiornale.it\/ruzzo\/files\/2020\/06\/lave9.jpg\"><img loading=\"lazy\" class=\"alignleft size-thumbnail wp-image-27968\" src=\"https:\/\/blog.ilgiornale.it\/ruzzo\/files\/2020\/06\/lave9-150x150.jpg\" alt=\"lave9\" width=\"150\" height=\"150\" \/><\/a><a href=\"https:\/\/blog.ilgiornale.it\/ruzzo\/files\/2020\/06\/lave2.jpg\"><img loading=\"lazy\" class=\"alignleft size-thumbnail wp-image-27969\" src=\"https:\/\/blog.ilgiornale.it\/ruzzo\/files\/2020\/06\/lave2-150x150.jpg\" alt=\"lave2\" width=\"150\" height=\"150\" \/><\/a><a href=\"https:\/\/blog.ilgiornale.it\/ruzzo\/files\/2020\/06\/lave12.jpg\"><img loading=\"lazy\" class=\"alignleft size-thumbnail wp-image-27970\" src=\"https:\/\/blog.ilgiornale.it\/ruzzo\/files\/2020\/06\/lave12-150x150.jpg\" alt=\"lave12\" width=\"150\" height=\"150\" \/><\/a><\/p>\n<p>&nbsp;<\/p>\n<p>&nbsp;<\/p>\n<p>&nbsp;<\/p>\n<p>&nbsp;<\/p>\n<p>&nbsp;<\/p>\n<p>&nbsp;<\/p>\n<p>&nbsp;<\/p>\n<p><a href=\"https:\/\/blog.ilgiornale.it\/ruzzo\/files\/2020\/06\/lave10.jpg\"><img loading=\"lazy\" class=\"alignleft size-thumbnail wp-image-27972\" src=\"https:\/\/blog.ilgiornale.it\/ruzzo\/files\/2020\/06\/lave10-150x150.jpg\" alt=\"lave10\" width=\"150\" height=\"150\" \/><\/a><\/p>\n<p>&nbsp;<\/p>\n<p>&nbsp;<\/p>\n<p>&nbsp;<\/p>\n<p>&nbsp;<\/p>\n<p>&nbsp;<\/p>\n<p>&nbsp;<\/p>\n<p>&nbsp;<\/p>\n<p>&nbsp;<\/p>\n<p>&nbsp;<\/p>\n<p>Non manca nulla, forse solo un po&#8217; di asfalto nuovo su qualche strade massacrata dai trattori che qui fanno avanti e indietro con l&#8217;uva e le botti. Per il resto l&#8217;Oltrep\u00f2 e l&#8217;esempio perfetto di quanto bici, turismo, buon bere e buon mangiare siano oggi un nuovo modo pi\u00f9 lento e intelligente ( slow dicono quelli che sanno l&#8217;inglese) di godersi le giornate per una gita di giornata ad un&#8217;ora da Milano ma anche per una vacanza pi\u00f9 organizzata.\u00a0 Il progetto si chiama &#8220;<strong>\u00a0Oltrep\u00f2 Divino&#8221;<\/strong> e mette insieme la storia del vino e del ciclismo\u00a0 tra colline che hanno raccontato grandi Giri e grandi vittorie. Nella terra che\u00a0<strong>Gianni Brera<\/strong> aveva chiamato a grappolo d\u2019uva perch\u00e9 l\u2019Oltrep\u00f2\u00a0 sulla cartina ha proprio quella forma l\u00ec, il ciclismo \u00e8 di casa, terra di grandi tappe, di grandi cronometro di grandi campioni a cominciare dalla maglia rosa <strong>Evgenij\u00a0 Berzin<\/strong> che su da queste parti ha costruito la sua carriera ed ora la sua vita. Pedalare qui, tra le viti di Pinot nero e di Riesling,\u00a0 tra\u00a0 il Bonarda e il Barbera tutti al maschile perch\u00e8, come spiega un enologo dai modi antichi, l&#8217;italiano conta e quindi il vino \u00e8 maschio e l&#8217;uva \u00e8 femmina, tra le cantine di Quvestra, nello Storico caveau di LaVersa fino a Zenevredo scoprendo il progetto Oltrenero alla tenuta il bosco, \u00e8 fatica ben ripagata. &#8220;Fatica vera perch\u00e8 non c&#8217;\u00e8 un metro di pianura&#8230;&#8221; spiega <strong>Domenico Distasi,<\/strong> meccanico di quello squadrone che fu anni fa la Gewiss ed oggi titolare di <strong>Baisaebike,<\/strong> nuova scommessa di un ciclismo non pi\u00f9 agonistico che mette a disposizione di chi vuole pedalare da queste parti e-bike, assistenza, guide e soparttutto passione. &#8220;Mimmo&#8221; queste zone le conosce come le sue tasche e, alla sua ruota, \u00e8 un attino salire da Santa Maria della Versa\u00a0 verso Pometo, pedalare verso la diga del Molato e ritrovarsi sui 29 tornanti del Piccolo Stelvio, che non \u00e8 parente di nessuno, fa storia a s\u00e8 ed \u00e8 una piccola magia che nulla ha da invidiare.\u00a0 Rovescala, Mont\u00f9 Beccaria, Montescano, San Damiano al Colle \u00e8 un continuo su \u00e8 gi\u00f9, &#8220;mangia e bevi&#8221; dicono i ciclisti e qui ha pi\u00f9 senso che altrove, che in due o tre ore ti porta a salire per quasi 1200 metri senza neanche accorgetene. Perch\u00e8 la strada fila via silenziosa senza quasi una macchina e il tempo pure. Quasi si ferma: ovviamente per un brindisi&#8230;<\/p>\n","protected":false},"excerpt":{"rendered":"<p><p>&nbsp; &nbsp; &nbsp; &nbsp; &nbsp; &nbsp; &nbsp; &nbsp; &nbsp; &nbsp; &nbsp; &nbsp; &nbsp; &nbsp; &nbsp; &nbsp; Non manca nulla, forse solo un po&#8217; di asfalto nuovo su qualche strade massacrata dai trattori che qui fanno avanti e indietro con l&#8217;uva e le botti. Per il resto l&#8217;Oltrep\u00f2 e l&#8217;esempio perfetto di quanto bici, turismo, buon bere e buon mangiare siano oggi un nuovo modo pi\u00f9 lento e intelligente ( slow dicono quelli che sanno l&#8217;inglese) di godersi le giornate per una gita di giornata ad un&#8217;ora da Milano ma anche per una vacanza pi\u00f9 organizzata.\u00a0 Il progetto si chiama &#8220;\u00a0Oltrep\u00f2 [&hellip;]<\/p>\n&nbsp;&nbsp;<div class=\"readmore\"><a href=\"https:\/\/blog.ilgiornale.it\/ruzzo\/2020\/06\/16\/oltrepo-divino-e-in-bici-ancor-di-piu\/\">Continua a leggere...<\/a><\/div><\/p>","protected":false},"author":956,"featured_media":0,"comment_status":"open","ping_status":"closed","sticky":false,"template":"","format":"standard","meta":[],"categories":[1],"tags":[],"_links":{"self":[{"href":"https:\/\/blog.ilgiornale.it\/ruzzo\/wp-json\/wp\/v2\/posts\/27961"}],"collection":[{"href":"https:\/\/blog.ilgiornale.it\/ruzzo\/wp-json\/wp\/v2\/posts"}],"about":[{"href":"https:\/\/blog.ilgiornale.it\/ruzzo\/wp-json\/wp\/v2\/types\/post"}],"author":[{"embeddable":true,"href":"https:\/\/blog.ilgiornale.it\/ruzzo\/wp-json\/wp\/v2\/users\/956"}],"replies":[{"embeddable":true,"href":"https:\/\/blog.ilgiornale.it\/ruzzo\/wp-json\/wp\/v2\/comments?post=27961"}],"version-history":[{"count":7,"href":"https:\/\/blog.ilgiornale.it\/ruzzo\/wp-json\/wp\/v2\/posts\/27961\/revisions"}],"predecessor-version":[{"id":27977,"href":"https:\/\/blog.ilgiornale.it\/ruzzo\/wp-json\/wp\/v2\/posts\/27961\/revisions\/27977"}],"wp:attachment":[{"href":"https:\/\/blog.ilgiornale.it\/ruzzo\/wp-json\/wp\/v2\/media?parent=27961"}],"wp:term":[{"taxonomy":"category","embeddable":true,"href":"https:\/\/blog.ilgiornale.it\/ruzzo\/wp-json\/wp\/v2\/categories?post=27961"},{"taxonomy":"post_tag","embeddable":true,"href":"https:\/\/blog.ilgiornale.it\/ruzzo\/wp-json\/wp\/v2\/tags?post=27961"}],"curies":[{"name":"wp","href":"https:\/\/api.w.org\/{rel}","templated":true}]}}