{"id":28097,"date":"2020-07-09T16:32:53","date_gmt":"2020-07-09T14:32:53","guid":{"rendered":"https:\/\/blog.ilgiornale.it\/ruzzo\/?p=28097"},"modified":"2020-07-09T16:32:53","modified_gmt":"2020-07-09T14:32:53","slug":"in-bici-un-grand-tour-di-lombardia","status":"publish","type":"post","link":"https:\/\/blog.ilgiornale.it\/ruzzo\/2020\/07\/09\/in-bici-un-grand-tour-di-lombardia\/","title":{"rendered":"In bici un Grand Tour di Lombardia"},"content":{"rendered":"<p><a href=\"https:\/\/blog.ilgiornale.it\/ruzzo\/files\/2020\/07\/gtl.jpg\"><img loading=\"lazy\" class=\"alignleft size-thumbnail wp-image-28099\" src=\"https:\/\/blog.ilgiornale.it\/ruzzo\/files\/2020\/07\/gtl-150x150.jpg\" alt=\"gtl\" width=\"150\" height=\"150\" \/><\/a><a href=\"https:\/\/blog.ilgiornale.it\/ruzzo\/files\/2020\/07\/lom.jpeg\"><img loading=\"lazy\" class=\"alignleft size-thumbnail wp-image-28100\" src=\"https:\/\/blog.ilgiornale.it\/ruzzo\/files\/2020\/07\/lom-150x150.jpeg\" alt=\"lom\" width=\"150\" height=\"150\" \/><\/a><a href=\"https:\/\/blog.ilgiornale.it\/ruzzo\/files\/2020\/07\/lomb2.png\"><img loading=\"lazy\" class=\"alignleft size-thumbnail wp-image-28101\" src=\"https:\/\/blog.ilgiornale.it\/ruzzo\/files\/2020\/07\/lomb2-150x150.png\" alt=\"lomb2\" width=\"150\" height=\"150\" \/><\/a><\/p>\n<p>&nbsp;<\/p>\n<p>&nbsp;<\/p>\n<p>&nbsp;<\/p>\n<p>&nbsp;<\/p>\n<p>&nbsp;<\/p>\n<p>Quando le cose stavano al loro posto, insieme alle stagioni, c&#8217;era il Giro di Lombardia, una delle cinque classiche Monumento che aveva il compito di chiudere la stagione ciclistica. Prima ancora era stato il tempo del<strong> Grand Tour<\/strong>, il viaggio di formazione in Europa, nato in principio a completare l&#8217;educazione dei rampolli della perfida Albione e di Francia e Germania, che aveva come meta d&#8217;elezione il Belpaese, fino a coincidere con il solo Viaggio in Italia, di Goethe e tanti poeti laureati. Ora, prendendo spunto dalle due cose e mettendo insieme sport, letteratura e voglia di viaggio arriva il <strong>Grand Tour di Lombardia<\/strong> \u00absfida\u00bb cicloturistica in autonomia, ideata e promossa da <strong>Turbolento Thinkbike SSD,<\/strong> un gruppo di appassionati ciclisti \u00abun po\u2019 turbo e un po\u2019 lenti&#8230;\u00bb come ripete sempre il loro presidente <strong>Paolo Tagliacarne<\/strong>, che sono anche tante altre cose insieme e accolgono chiunque si muova su due ruote. Il Grand Tour di Lombardia \u00e8 una lunga avventura a pedali di 1.200 chilometri, con dislivello positivo di 16.000 metri, che tocca e unisce tutte le province della Lombardia, che parte e arriva a Milano ma non obbligatoriamente perch\u00e8 ogni punto \u00e8 \u00abbuono\u00bb per cominciare e finire. Dodici tappe per scoprire la variet\u00e0 culturale e territoriale lombarda. Dalle botteghe dei liutai di Cremona alle grandi salite alpine, dai borghi ai laghi, dai vitigni della Valtellina a quelli dell\u2019Oltrep\u00f2 pavese. Una pedalata non competitiva, su lunga distanza, un\u2019impresa possibile che segue la consueta filosofia del gruppo: \u00abit\u2019s a ride, not a race!\u00bb. \u00abQuesta sfida \u00e8 l\u2019evoluzione naturale del grande progetto le \u201cStrade zitte\u201c che ha visto nell&#8217;arco degli ultimi venticinque anni Turbolento esplorare, attraversare, disegnare e presidiare itinerari ciclistici di qualit\u00e0 su strade secondarie e meno battute &#8211; spiegano gli organizzatori- Itinerari che appartengono al patrimonio del territorio e del paesaggio italiano. Un patrimonio che noi portiamo a disposizione di chi lo voglia conoscere e percorrere\u00bb. Per partecipare al Grand Tour sono due le modalit\u00e0 di adesione: la \u00abEpic ride\u00bb, che segue la tradizione dei brevetti della grandi randonn\u00e8 ciclistiche, e che fissa nel tempo massimo di cento ore ( 4 giorni e 4 ore) il tempo per portare a termine il tracciato. Per i meno allenati c\u2019\u00e8 invece il \u00abCycle touring\u00bb, un viaggio in bicicletta, nei tempi e nelle modalit\u00e0 pi\u00f9 congeniali, partendo da dove si preferisce, con due possibili varianti di minore dislivello: l&#8217;importante \u00e8 portare a compimento l&#8217;impresa.\u00a0 Ai partecipanti veranno consegnati una mappa con la descrizione delle 12 tappe e dei checkpoint e le tracce gps\u00a0 del percorso.\u00a0<span style=\"color: #222222\">Una volta compiuta l&#8217;impresa, i finisher riceveranno il\u00a0<\/span><span style=\"color: #222222\"><b>Certificato di Finisher,\u00a0<\/b><\/span><span style=\"color: #222222\">entreranno nell&#8217;<\/span><span style=\"color: #222222\"><b>Albo dei Finisher del Grand Tour di Lombardia<\/b><\/span><span style=\"color: #222222\">, sempre\u00a0<\/span><span style=\"color: #1155cc\">\u00a0<\/span><span style=\"color: #222222\">e saranno invitati a partecipare alla periodica festa di consegna dei Certificati.\u00a0\u00a0<\/span><span style=\"color: #222222\">Le iscrizioni apriranno il\u00a0<\/span><span style=\"color: #222222\"><b>20 luglio,<\/b><\/span><span style=\"color: #222222\">\u00a0con tutti i dettagli di partecipazione.\u00a0<\/span><\/p>\n<p><a href=\"https:\/\/www.turbolento.net\/grand-tour-lombardia-alpi-e-laghi\/\">https:\/\/www.turbolento.net\/grand-tour-lombardia-alpi-e-laghi\/<\/a><\/p>\n","protected":false},"excerpt":{"rendered":"<p><p>&nbsp; &nbsp; &nbsp; &nbsp; &nbsp; Quando le cose stavano al loro posto, insieme alle stagioni, c&#8217;era il Giro di Lombardia, una delle cinque classiche Monumento che aveva il compito di chiudere la stagione ciclistica. Prima ancora era stato il tempo del Grand Tour, il viaggio di formazione in Europa, nato in principio a completare l&#8217;educazione dei rampolli della perfida Albione e di Francia e Germania, che aveva come meta d&#8217;elezione il Belpaese, fino a coincidere con il solo Viaggio in Italia, di Goethe e tanti poeti laureati. Ora, prendendo spunto dalle due cose e mettendo insieme sport, letteratura e voglia [&hellip;]<\/p>\n&nbsp;&nbsp;<div class=\"readmore\"><a href=\"https:\/\/blog.ilgiornale.it\/ruzzo\/2020\/07\/09\/in-bici-un-grand-tour-di-lombardia\/\">Continua a leggere...<\/a><\/div><\/p>","protected":false},"author":956,"featured_media":0,"comment_status":"open","ping_status":"closed","sticky":false,"template":"","format":"standard","meta":[],"categories":[1],"tags":[],"_links":{"self":[{"href":"https:\/\/blog.ilgiornale.it\/ruzzo\/wp-json\/wp\/v2\/posts\/28097"}],"collection":[{"href":"https:\/\/blog.ilgiornale.it\/ruzzo\/wp-json\/wp\/v2\/posts"}],"about":[{"href":"https:\/\/blog.ilgiornale.it\/ruzzo\/wp-json\/wp\/v2\/types\/post"}],"author":[{"embeddable":true,"href":"https:\/\/blog.ilgiornale.it\/ruzzo\/wp-json\/wp\/v2\/users\/956"}],"replies":[{"embeddable":true,"href":"https:\/\/blog.ilgiornale.it\/ruzzo\/wp-json\/wp\/v2\/comments?post=28097"}],"version-history":[{"count":1,"href":"https:\/\/blog.ilgiornale.it\/ruzzo\/wp-json\/wp\/v2\/posts\/28097\/revisions"}],"predecessor-version":[{"id":28102,"href":"https:\/\/blog.ilgiornale.it\/ruzzo\/wp-json\/wp\/v2\/posts\/28097\/revisions\/28102"}],"wp:attachment":[{"href":"https:\/\/blog.ilgiornale.it\/ruzzo\/wp-json\/wp\/v2\/media?parent=28097"}],"wp:term":[{"taxonomy":"category","embeddable":true,"href":"https:\/\/blog.ilgiornale.it\/ruzzo\/wp-json\/wp\/v2\/categories?post=28097"},{"taxonomy":"post_tag","embeddable":true,"href":"https:\/\/blog.ilgiornale.it\/ruzzo\/wp-json\/wp\/v2\/tags?post=28097"}],"curies":[{"name":"wp","href":"https:\/\/api.w.org\/{rel}","templated":true}]}}