{"id":28129,"date":"2020-07-16T09:25:03","date_gmt":"2020-07-16T07:25:03","guid":{"rendered":"https:\/\/blog.ilgiornale.it\/ruzzo\/?p=28129"},"modified":"2020-07-16T09:25:19","modified_gmt":"2020-07-16T07:25:19","slug":"il-lombardia-a-ferragosto-in-onore-di-felice","status":"publish","type":"post","link":"https:\/\/blog.ilgiornale.it\/ruzzo\/2020\/07\/16\/il-lombardia-a-ferragosto-in-onore-di-felice\/","title":{"rendered":"Il Lombardia a Ferragosto in onore di Felice"},"content":{"rendered":"<p><a href=\"https:\/\/blog.ilgiornale.it\/ruzzo\/files\/2020\/07\/gimo.jpg\"><img loading=\"lazy\" class=\"alignleft size-medium wp-image-28130\" src=\"https:\/\/blog.ilgiornale.it\/ruzzo\/files\/2020\/07\/gimo-300x270.jpg\" alt=\"gimo\" width=\"300\" height=\"270\" srcset=\"https:\/\/blog.ilgiornale.it\/ruzzo\/files\/2020\/07\/gimo-300x270.jpg 300w, https:\/\/blog.ilgiornale.it\/ruzzo\/files\/2020\/07\/gimo.jpg 456w\" sizes=\"(max-width: 300px) 100vw, 300px\" \/><\/a>Bergamo ha tenuto a battesimo la presentazione del 114mo Giro di Lombardia. &#8220;Sar\u00e0 un Lombardia particolare nel giorno di Ferragosto. Credo che possa diventare, in questo anno particolare, una buona opportunit\u00e0 per noi, per i territori che ci ospitano e per tutti gli appassionati. Dopo questo periodo cos\u00ec difficile siamo convinti che riportare le corse sulle strade sia la cosa pi\u00f9 importante. Abbiamo deciso di tenere invariato il percorso. Partire da Bergamo e chiudere a Como sta diventando una bella tradizione che piace a tutti.\u00a0Avremo al via grandi atleti&#8221;. <strong>Mauro Vegni<\/strong> , direttore dell&#8217;area ciclismo Rcs sport ha presenta cos\u00ec il Lombardia di Ferragosto.\u00a0<em>\u00a0<\/em>Partenza da Bergamo, arrivo a Como,\u00a0 243 chilometri , gli stessi dello scorso anno, quando vinse l\u2019olandese Bauke Mollema ma quest&#8217;anno nel nome di <strong>Felice Gimondi<\/strong> a cui, pochi giorni fa <strong>Ernesto Colnago<\/strong> ha dedicato un piccolo busto in oro e bronzo replicando l&#8217;immagine delle figurine panini. Un atto d&#8217;amore per un campione che che ha\u00a0 reso grande il ciclismo ma soprattutto un gesto d&#8217;affetto nei confronti di un amico e della sua famiglia.<strong>\u00a0<\/strong>I passaggi pi\u00f9 duri della corsa saranno sul Ghisallo e sul Muro di Sormano, con un paio di strappi al 15 per cento. Poi gran finale a Como, con la salita di San Fermo della Battaglia.\u00a0La classica d\u2019autunno, quella delle foglie morte, quella che chiude la stagione, quella che spesso piove ma ha anche nevica, che \u00e8 tutta un togli e metti di mantelline e bracciali, di fari accesi delle ammiraglie che spuntano tra nuvole cariche di pioggia e nebbie che \u201csi tagliano con il coltello\u201d quest\u2019anno si correr\u00e0 nel giorno in cui sulle spiegge e sulle montagne si festeggia l&#8217;estate, nel giorno\u00a0 che per i latini era quello delle feriae Augusti, dedicato al riposo del primo imperatore romano Ottaviano Augusto. E\u2019 l\u2019onda lunga di un virus che non ci ha reso migliori ma ha cambiato le nostre abitudini complicandoci un bel po\u2019 la vita. Tant\u2019\u00e8. Si \u00e8 passati dall\u2019emergenza, alla quarantena, alla fase due , tre chiss\u00e0 cosa ci aspetta ancora.\u00a0 Ma il Lombardia resta, anche a Ferragosto.<\/p>\n","protected":false},"excerpt":{"rendered":"<p><p>Bergamo ha tenuto a battesimo la presentazione del 114mo Giro di Lombardia. &#8220;Sar\u00e0 un Lombardia particolare nel giorno di Ferragosto. Credo che possa diventare, in questo anno particolare, una buona opportunit\u00e0 per noi, per i territori che ci ospitano e per tutti gli appassionati. Dopo questo periodo cos\u00ec difficile siamo convinti che riportare le corse sulle strade sia la cosa pi\u00f9 importante. Abbiamo deciso di tenere invariato il percorso. Partire da Bergamo e chiudere a Como sta diventando una bella tradizione che piace a tutti.\u00a0Avremo al via grandi atleti&#8221;. Mauro Vegni , direttore dell&#8217;area ciclismo Rcs sport ha presenta cos\u00ec [&hellip;]<\/p>\n&nbsp;&nbsp;<div class=\"readmore\"><a href=\"https:\/\/blog.ilgiornale.it\/ruzzo\/2020\/07\/16\/il-lombardia-a-ferragosto-in-onore-di-felice\/\">Continua a leggere...<\/a><\/div><\/p>","protected":false},"author":956,"featured_media":0,"comment_status":"open","ping_status":"closed","sticky":false,"template":"","format":"standard","meta":[],"categories":[1],"tags":[],"_links":{"self":[{"href":"https:\/\/blog.ilgiornale.it\/ruzzo\/wp-json\/wp\/v2\/posts\/28129"}],"collection":[{"href":"https:\/\/blog.ilgiornale.it\/ruzzo\/wp-json\/wp\/v2\/posts"}],"about":[{"href":"https:\/\/blog.ilgiornale.it\/ruzzo\/wp-json\/wp\/v2\/types\/post"}],"author":[{"embeddable":true,"href":"https:\/\/blog.ilgiornale.it\/ruzzo\/wp-json\/wp\/v2\/users\/956"}],"replies":[{"embeddable":true,"href":"https:\/\/blog.ilgiornale.it\/ruzzo\/wp-json\/wp\/v2\/comments?post=28129"}],"version-history":[{"count":1,"href":"https:\/\/blog.ilgiornale.it\/ruzzo\/wp-json\/wp\/v2\/posts\/28129\/revisions"}],"predecessor-version":[{"id":28131,"href":"https:\/\/blog.ilgiornale.it\/ruzzo\/wp-json\/wp\/v2\/posts\/28129\/revisions\/28131"}],"wp:attachment":[{"href":"https:\/\/blog.ilgiornale.it\/ruzzo\/wp-json\/wp\/v2\/media?parent=28129"}],"wp:term":[{"taxonomy":"category","embeddable":true,"href":"https:\/\/blog.ilgiornale.it\/ruzzo\/wp-json\/wp\/v2\/categories?post=28129"},{"taxonomy":"post_tag","embeddable":true,"href":"https:\/\/blog.ilgiornale.it\/ruzzo\/wp-json\/wp\/v2\/tags?post=28129"}],"curies":[{"name":"wp","href":"https:\/\/api.w.org\/{rel}","templated":true}]}}