{"id":28226,"date":"2020-08-09T18:58:30","date_gmt":"2020-08-09T16:58:30","guid":{"rendered":"https:\/\/blog.ilgiornale.it\/ruzzo\/?p=28226"},"modified":"2020-08-09T19:16:17","modified_gmt":"2020-08-09T17:16:17","slug":"la-sanremo-e-la-sanremo-ma-solo-se-resta-comera","status":"publish","type":"post","link":"https:\/\/blog.ilgiornale.it\/ruzzo\/2020\/08\/09\/la-sanremo-e-la-sanremo-ma-solo-se-resta-comera\/","title":{"rendered":"La Sanremo \u00e8 la Sanremo ma  solo se resta com&#8217;era"},"content":{"rendered":"<p><a href=\"https:\/\/blog.ilgiornale.it\/ruzzo\/2020\/08\/09\/la-sanremo-e-la-sanremo-ma-solo-se-resta-comera\/wout\/\" rel=\"attachment wp-att-28230\"><img loading=\"lazy\" class=\"alignright size-medium wp-image-28230\" src=\"https:\/\/blog.ilgiornale.it\/ruzzo\/files\/2020\/08\/wout-300x200.jpg\" alt=\"\" width=\"300\" height=\"200\" srcset=\"https:\/\/blog.ilgiornale.it\/ruzzo\/files\/2020\/08\/wout-300x200.jpg 300w, https:\/\/blog.ilgiornale.it\/ruzzo\/files\/2020\/08\/wout-1024x682.jpg 1024w, https:\/\/blog.ilgiornale.it\/ruzzo\/files\/2020\/08\/wout-768x511.jpg 768w, https:\/\/blog.ilgiornale.it\/ruzzo\/files\/2020\/08\/wout.jpg 1400w\" sizes=\"(max-width: 300px) 100vw, 300px\" \/><\/a>Sanremo \u00e8 sempre Sanremo \u00e8 da sempre lo slogan del Festival. E anche la Sanremo sar\u00e0 sempre la Sanremo, per\u00f2 quella brutta e noiosa che si anima dalla Cipressa in poi.\u00a0 La Sanremo dell&#8217;emergenza \u00e8 stata fantastica ma \u00e8 un&#8217;altra cosa. \u00a0I sindaci del Savonese che hanno detto no al passaggio della corsa devono solo mangiarsi le mani: poco lungimiranti, poco illuminati, poco tutto&#8230; Un problema di viabilit\u00e0? Pu\u00f2 darsi. Anche se forse una via Aurelia intasata d&#8217;agosto avrebbe potuto reggere l&#8217;impatto di una classica che in un&#8217;oretta passa e va. Forse \u00e8 stato pi\u00f9 un problema di riprese televisive, di telecamere sugli elicotteri, di spiagge piene e distanziamenti cos\u00ec e cos\u00ec che non si volevano mettere in vetrina davanti al mondo collegato. Ma ormai \u00e8 andata. La Sanremo pi\u00f9 lunga della storia che ha dato lustro alla valle del Tanaro, alle Langhe e a un Piemonte da leccarsi i baffi \u00e8 stata onorata da una vittoria strepitosa di <strong>Wout van Aert<\/strong>, astro e fenomeno del ciclismo che verr\u00e0. Corsa fantastica, epica, piena zeppa di campioni affaticati, sfiniti, sudati e generosi che hanno tenuto tutti col fiato sospeso fino all&#8217;ultimo metro. Per\u00f2, se si vuole conservarne fascino e potenza,\u00a0 la Sanremo dell&#8217;emergenza tale deve restare nonostante <strong>Paolo Belllino<\/strong>, direttore generale della Rcs, abbia fatto sapere in diretta Rai ai sindaci che si sono messi di traverso che il conto non \u00e8 chiuso e che non ci metter\u00e0 una pietra sopra. Ma la Sanremo\u00a0 \u00e8 solo quella brutta e noiosa fino alla Cipressa, quella che non si sa chi vince, quella che da pi\u00f9 di una secolo onora la sua tradizione.\u00a0 Che poi \u00e8 ci\u00f2 che fa grandi gli eventi, che li fa diventare tali, che li santifica. Cos\u00ec sono diventati ci\u00f2 che sono Wimbledon e il Roland Garros con i loro picooli grandi riti, cos\u00ec \u00e8 il Tour con l&#8217;arrivo sui Campi Elisi che, cascasse il mondo, ma \u00e8 sempre l\u00ec, cos\u00ec \u00e8 l&#8217;haka degli All Blacks. Tutto il resto sono cose ( e corse) normali. Belle e entusiasmanti, ma normali&#8230;<\/p>\n","protected":false},"excerpt":{"rendered":"<p><p>Sanremo \u00e8 sempre Sanremo \u00e8 da sempre lo slogan del Festival. E anche la Sanremo sar\u00e0 sempre la Sanremo, per\u00f2 quella brutta e noiosa che si anima dalla Cipressa in poi.\u00a0 La Sanremo dell&#8217;emergenza \u00e8 stata fantastica ma \u00e8 un&#8217;altra cosa. \u00a0I sindaci del Savonese che hanno detto no al passaggio della corsa devono solo mangiarsi le mani: poco lungimiranti, poco illuminati, poco tutto&#8230; Un problema di viabilit\u00e0? Pu\u00f2 darsi. Anche se forse una via Aurelia intasata d&#8217;agosto avrebbe potuto reggere l&#8217;impatto di una classica che in un&#8217;oretta passa e va. Forse \u00e8 stato pi\u00f9 un problema di riprese televisive, [&hellip;]<\/p>\n&nbsp;&nbsp;<div class=\"readmore\"><a href=\"https:\/\/blog.ilgiornale.it\/ruzzo\/2020\/08\/09\/la-sanremo-e-la-sanremo-ma-solo-se-resta-comera\/\">Continua a leggere...<\/a><\/div><\/p>","protected":false},"author":956,"featured_media":0,"comment_status":"open","ping_status":"closed","sticky":false,"template":"","format":"standard","meta":[],"categories":[1],"tags":[],"_links":{"self":[{"href":"https:\/\/blog.ilgiornale.it\/ruzzo\/wp-json\/wp\/v2\/posts\/28226"}],"collection":[{"href":"https:\/\/blog.ilgiornale.it\/ruzzo\/wp-json\/wp\/v2\/posts"}],"about":[{"href":"https:\/\/blog.ilgiornale.it\/ruzzo\/wp-json\/wp\/v2\/types\/post"}],"author":[{"embeddable":true,"href":"https:\/\/blog.ilgiornale.it\/ruzzo\/wp-json\/wp\/v2\/users\/956"}],"replies":[{"embeddable":true,"href":"https:\/\/blog.ilgiornale.it\/ruzzo\/wp-json\/wp\/v2\/comments?post=28226"}],"version-history":[{"count":9,"href":"https:\/\/blog.ilgiornale.it\/ruzzo\/wp-json\/wp\/v2\/posts\/28226\/revisions"}],"predecessor-version":[{"id":28236,"href":"https:\/\/blog.ilgiornale.it\/ruzzo\/wp-json\/wp\/v2\/posts\/28226\/revisions\/28236"}],"wp:attachment":[{"href":"https:\/\/blog.ilgiornale.it\/ruzzo\/wp-json\/wp\/v2\/media?parent=28226"}],"wp:term":[{"taxonomy":"category","embeddable":true,"href":"https:\/\/blog.ilgiornale.it\/ruzzo\/wp-json\/wp\/v2\/categories?post=28226"},{"taxonomy":"post_tag","embeddable":true,"href":"https:\/\/blog.ilgiornale.it\/ruzzo\/wp-json\/wp\/v2\/tags?post=28226"}],"curies":[{"name":"wp","href":"https:\/\/api.w.org\/{rel}","templated":true}]}}