{"id":28250,"date":"2020-08-13T18:04:38","date_gmt":"2020-08-13T16:04:38","guid":{"rendered":"https:\/\/blog.ilgiornale.it\/ruzzo\/?p=28250"},"modified":"2020-08-13T18:04:38","modified_gmt":"2020-08-13T16:04:38","slug":"annullata-la-maratona-di-parigi","status":"publish","type":"post","link":"https:\/\/blog.ilgiornale.it\/ruzzo\/2020\/08\/13\/annullata-la-maratona-di-parigi\/","title":{"rendered":"Annullata la maratona di Parigi"},"content":{"rendered":"<p><a href=\"https:\/\/blog.ilgiornale.it\/ruzzo\/2020\/08\/13\/annullata-la-maratona-di-parigi\/maratona-parigi2\/\" rel=\"attachment wp-att-28251\"><img loading=\"lazy\" class=\"alignleft size-medium wp-image-28251\" src=\"https:\/\/blog.ilgiornale.it\/ruzzo\/files\/2020\/08\/maratona-parigi2-300x252.jpg\" alt=\"\" width=\"300\" height=\"252\" srcset=\"https:\/\/blog.ilgiornale.it\/ruzzo\/files\/2020\/08\/maratona-parigi2-300x252.jpg 300w, https:\/\/blog.ilgiornale.it\/ruzzo\/files\/2020\/08\/maratona-parigi2.jpg 454w\" sizes=\"(max-width: 300px) 100vw, 300px\" \/><\/a>Dopo aver provato di tutto per mantenere in vita l&#8217;evento gli organizzatori della Maratona di Parigi hanno annunciato la cancellazione dell&#8217;edizione 2020 prevista il 15 novembre. &#8220;Di fronte alla difficolt\u00e0 che avrebbero coinvolto molti corridori, soprattutto quelli provenienti dall&#8217;estero, si \u00e8 deciso che sarebbe stato meglio e pi\u00f9 semplice per gli interessati organizzare la\u00a0 <span style=\"color: #000000\">maratona<\/span> nel 2021&#8243;, sottolineano gli organizzatori in una nota. La manifestazione prevista per il 5 aprile, era stata a causa della emergenza sanitaria prima rinviata al 18 ottobre e poi al 15 novembre. &#8220;Evidentemente, ci sar\u00e0 grande delusione tra coloro che hanno sacrificato il tempo ad allenarsi per quella che era diventata una <a name=\"high5\"><\/a> <span style=\"color: #000000\">maratona<\/span> d&#8217;autunno. Tutti, dai team organizzativi ai fedeli partner dell&#8217;evento, condividono questa delusione. Lavoreremo fianco a fianco con la citt\u00e0 di Parigi per organizzare un&#8217;edizione 2021 capace di riunire i corridori pi\u00f9 appassionati sulle strade pi\u00f9 belle del mondo. Coloro che si sono iscritti all&#8217;edizione di quest&#8217;anno sono, se lo desiderano, gi\u00e0 iscritti all&#8217;edizione 2021. In caso contrario beneficeranno di un buono il cui valore sar\u00e0 pari a quanto speso per il pettorale e le opzioni extra o un rimborso dopo un periodo di 18 mesi&#8221; assicurano gli organizzatori<\/p>\n","protected":false},"excerpt":{"rendered":"<p><p>Dopo aver provato di tutto per mantenere in vita l&#8217;evento gli organizzatori della Maratona di Parigi hanno annunciato la cancellazione dell&#8217;edizione 2020 prevista il 15 novembre. &#8220;Di fronte alla difficolt\u00e0 che avrebbero coinvolto molti corridori, soprattutto quelli provenienti dall&#8217;estero, si \u00e8 deciso che sarebbe stato meglio e pi\u00f9 semplice per gli interessati organizzare la\u00a0 maratona nel 2021&#8243;, sottolineano gli organizzatori in una nota. La manifestazione prevista per il 5 aprile, era stata a causa della emergenza sanitaria prima rinviata al 18 ottobre e poi al 15 novembre. &#8220;Evidentemente, ci sar\u00e0 grande delusione tra coloro che hanno sacrificato il tempo ad [&hellip;]<\/p>\n&nbsp;&nbsp;<div class=\"readmore\"><a href=\"https:\/\/blog.ilgiornale.it\/ruzzo\/2020\/08\/13\/annullata-la-maratona-di-parigi\/\">Continua a leggere...<\/a><\/div><\/p>","protected":false},"author":956,"featured_media":0,"comment_status":"open","ping_status":"closed","sticky":false,"template":"","format":"standard","meta":[],"categories":[1],"tags":[],"_links":{"self":[{"href":"https:\/\/blog.ilgiornale.it\/ruzzo\/wp-json\/wp\/v2\/posts\/28250"}],"collection":[{"href":"https:\/\/blog.ilgiornale.it\/ruzzo\/wp-json\/wp\/v2\/posts"}],"about":[{"href":"https:\/\/blog.ilgiornale.it\/ruzzo\/wp-json\/wp\/v2\/types\/post"}],"author":[{"embeddable":true,"href":"https:\/\/blog.ilgiornale.it\/ruzzo\/wp-json\/wp\/v2\/users\/956"}],"replies":[{"embeddable":true,"href":"https:\/\/blog.ilgiornale.it\/ruzzo\/wp-json\/wp\/v2\/comments?post=28250"}],"version-history":[{"count":2,"href":"https:\/\/blog.ilgiornale.it\/ruzzo\/wp-json\/wp\/v2\/posts\/28250\/revisions"}],"predecessor-version":[{"id":28253,"href":"https:\/\/blog.ilgiornale.it\/ruzzo\/wp-json\/wp\/v2\/posts\/28250\/revisions\/28253"}],"wp:attachment":[{"href":"https:\/\/blog.ilgiornale.it\/ruzzo\/wp-json\/wp\/v2\/media?parent=28250"}],"wp:term":[{"taxonomy":"category","embeddable":true,"href":"https:\/\/blog.ilgiornale.it\/ruzzo\/wp-json\/wp\/v2\/categories?post=28250"},{"taxonomy":"post_tag","embeddable":true,"href":"https:\/\/blog.ilgiornale.it\/ruzzo\/wp-json\/wp\/v2\/tags?post=28250"}],"curies":[{"name":"wp","href":"https:\/\/api.w.org\/{rel}","templated":true}]}}